{"id":5954,"date":"2016-01-29T04:30:21","date_gmt":"2016-01-29T04:30:21","guid":{"rendered":"https:\/\/armstrongyregion.com.ar\/diario\/?p=5954"},"modified":"2016-01-29T04:30:21","modified_gmt":"2016-01-29T04:30:21","slug":"sube-la-energia-mayorista-y-la-epe-le-saca-punta-al-lapiz","status":"publish","type":"post","link":"https:\/\/armstrongyregion.com.ar\/diario\/sube-la-energia-mayorista-y-la-epe-le-saca-punta-al-lapiz\/","title":{"rendered":"Sube la energ\u00eda mayorista y la EPE le saca punta al l\u00e1piz."},"content":{"rendered":"<p><a href=\"http:\/\/armstrongyregion.com.ar\/diario\/wp-content\/uploads\/2016\/01\/Trabajadores-de-Epe.jpg\"><img loading=\"lazy\" decoding=\"async\" class=\"alignnone size-medium wp-image-5955\" src=\"http:\/\/armstrongyregion.com.ar\/diario\/wp-content\/uploads\/2016\/01\/Trabajadores-de-Epe-300x200.jpg\" alt=\"Trabajadores-de-Epe\" width=\"300\" height=\"200\" srcset=\"https:\/\/armstrongyregion.com.ar\/diario\/wp-content\/uploads\/2016\/01\/Trabajadores-de-Epe-300x200.jpg 300w, https:\/\/armstrongyregion.com.ar\/diario\/wp-content\/uploads\/2016\/01\/Trabajadores-de-Epe-1024x683.jpg 1024w, https:\/\/armstrongyregion.com.ar\/diario\/wp-content\/uploads\/2016\/01\/Trabajadores-de-Epe.jpg 1200w\" sizes=\"auto, (max-width: 300px) 100vw, 300px\" \/><\/a>En Santa Fe el impacto no ser\u00e1 de la magnitud de la suba en Buenos Aires y su Conurbano. En todas las distribuidoras del interior del pa\u00eds (como la EPE) se estima que habr\u00e1 fuertes aumentos.<br \/>\nTanto en la Casa Gris como en la Empresa Provincial de la Energ\u00eda por ahora no hay expresiones oficiales respecto de cu\u00e1l ser\u00e1 el impacto del aumento de hasta el 300% en el nivel mayorista de la energ\u00eda.<br \/>\nLa resoluci\u00f3n que ayer se public\u00f3 en el Bolet\u00edn Oficial -con la firma del ministro de Energ\u00eda y Miner\u00eda de la Naci\u00f3n, Juan Jos\u00e9 Aranguren-, contiene cambios en los precios de la generaci\u00f3n de energ\u00eda, pero tambi\u00e9n en el tama\u00f1o de los pelda\u00f1os de la escala que se utiliza para considerar su valor en el mercado, seg\u00fan horarios, picos de demanda y potencia. Cambian las cifras pero tambi\u00e9n los cuadros tarifarios.<br \/>\nCon este panorama, los t\u00e9cnicos de la EPE trazan escenarios posibles y los funcionarios pol\u00edticos esperan una se\u00f1al nacional para salir a informar qu\u00e9 ocurrir\u00e1 con las tarifas locales. \u201cQue primero ponga la cara otro\u201d, es la s\u00edntesis de la bajada de l\u00ednea en el Ejecutivo provincial.<\/p>\n<p>No como en Buenos Aires<br \/>\nObviamente, el impacto en Santa Fe no podr\u00e1 ser tan extremo como en Buenos Aires y su Conurbano donde los c\u00e1lculos van por partida doble: se quitan subsidios a la energ\u00eda mayorista y a las empresas privadas Edenor y Edesur.<br \/>\nComo los usuarios de la EPE no han gozado de los privilegios que el kirchnerismo les otorg\u00f3 a porte\u00f1os y bonaerenses durante una d\u00e9cada, ahora los santafesinos no los extra\u00f1ar\u00e1n.<br \/>\nPor esa raz\u00f3n las distribuidoras del interior del pa\u00eds que -como la compa\u00f1\u00eda estatal santafesina- fueron actualizando sus tarifas ahora no van a producir incrementos que dupliquen, tripliquen y m\u00e1s las boletas.<br \/>\nPero all\u00ed no terminan las novedades: lo central para los usuarios (y para las industrias) es que las usinas generadoras van a vender al mercado mayorista m\u00e1s cara su producci\u00f3n.<\/p>\n<p>Particularidades<\/p>\n<p>La EPE cuenta con el segundo mercado el\u00e9ctrico del pa\u00eds, luego de la metr\u00f3poli porte\u00f1a y bonaerense que est\u00e1 bajo la administraci\u00f3n del Estado nacional.<br \/>\nEn Santa Fe, el usuario residencial t\u00edpico gasta en promedio, por bimestre, unos 400 kW. En cambio, porte\u00f1os y bonaerenses llegan a 700 kW. La explicaci\u00f3n es que las tarifas educan, y la primera conclusi\u00f3n es que all\u00e1 hay un mayor margen para bajar el consumo irracional, mientras que aqu\u00ed eso ya ha ocurrido porque las tarifas son mucho m\u00e1s caras.<br \/>\nOtra particularidad: aqu\u00ed hay subsidios cruzados dentro de los cuadros tarifarios como los que parece impulsar la resoluci\u00f3n de la Naci\u00f3n. Por ejemplo: el conjunto de los usuarios \u201ccolabora\u201d con los 61.500 jubilados santafesinos que cuentan con tarifas subsidiadas, entre otras relaciones entre los usuarios seg\u00fan su consumo.<\/p>\n<p>Incidencia<\/p>\n<p>En la empresa provincial, si se descomponen las tarifas seg\u00fan su destino se ver\u00e1 que hay tres tercios similares: el primero cubre el precio mayorista de la energ\u00eda; el segundo soporta el funcionamiento y las inversiones de la compa\u00f1\u00eda y el tercero se compone de impuestos fundamentalmente nacionales y en menor medida provinciales y municipales y comunales (para el alumbrado p\u00fablico).<\/p>\n<p>Esas proporciones se mantienen as\u00ed en la EPE desde hace varias d\u00e9cadas. En cambio, otras provincias que siguieron las pol\u00edticas tarifarias nacionales se privaron de obtener recursos con las tarifas para hacer inversiones (de eso se encargaba el Estado). En Edenor y Edesur hasta los salarios contaron con fondos p\u00fablicos nacionales.<\/p>\n<p>La enorme mayor\u00eda de las compa\u00f1\u00edas distribuidoras han financiado sus d\u00e9ficits traslad\u00e1ndolos a Cammesa, es decir, rompiendo la cadena de pagos de la energ\u00eda mayorista y acumulado deudas. La EPE, reci\u00e9n en el \u00faltimo a\u00f1o, se sum\u00f3 a esa pr\u00e1ctica aunque ya firm\u00f3 un convenio de pago.<\/p>\n<p>Debe pensarse que la incidencia del aumento nacional operar\u00e1 sobre un tercio de la tarifa local.<\/p>\n<p>El juego de las predicciones<\/p>\n<p>En todo el pa\u00eds, los funcionarios de las distintas provincias que tienen a su cargo el servicio el\u00e9ctrico comienzan a dar cifras sobre cu\u00e1l ser\u00e1 el impacto de la decisi\u00f3n del gobierno nacional.<\/p>\n<p>Unos ya expresan pautas oficiales para prevenir a los usuarios, otros -sin el grabador encendido- prefieren que a esas predicciones las divulguen los medios. Todos dan a conocer un panorama preocupante y con cifras que (como m\u00ednimo) hablan del 30 %.<\/p>\n<p>En el contexto nacional, siempre se compara a la provincia de Santa Fe con C\u00f3rdoba. Tambi\u00e9n sus sectores el\u00e9ctricos son bastante similares aunque es algo menor el mercado el\u00e9ctrico en la provincia mediterr\u00e1nea.<\/p>\n<p>El diario La Voz del Interior da una cifra similar: 30 % de impacto para la Epec, pero el dato a\u00fan no es oficial. Aclara que a\u00fan no hay una decisi\u00f3n y que a nivel del ente de control y de la empresa se estudia cu\u00e1l ser\u00e1 el impacto en las cifras de distribuidora cordobesa.<\/p>\n<p>En Mendoza, Los Andes estima que a un 25 % de los usuarios residenciales podr\u00edan llegarles en marzo aumentos del 400% si la compa\u00f1\u00eda Edemsa traslada los aumentos nacionales producto del retiro de los subsidios. De todas formas, los funcionarios cuyanos tampoco brindan una cifra concreta.<\/p>\n<p>En La Pampa los diarios de la ciudad de Santa Rosa coinciden en se\u00f1alar que el impacto de la medida ser\u00e1 fuerte. Y que el incremento llegar\u00e1 al 50 \u00f3 al 60 %. Adem\u00e1s, se estima que (por el congelamiento de las tarifas desde 2013) ya existe un 70 % de \u201cdesfasaje\u201d entre la realidad de los costos para el servicio y las tarifas que pagan los usuarios.<\/p>\n<p>Los pampeanos, como los catamarque\u00f1os, los santiague\u00f1os y otras provincias que siguieron las pautas nacionales en materia tarifaria, caen en la cuenta de que pueden pasar por lo mismo que ocurre en Capital Federal y el Gran Buenos Aires con subas que duplique y hasta tripliquen lo que se paga hoy.<\/p>\n<p>La pregunta en esas provincias es \u00bfqu\u00e9 pasa si al sinceramiento nacional se sumara otro local? En Catamarca eso podr\u00eda ocurrir y su empresa de electricidad ha informado que las pr\u00f3ximas boletas podr\u00edan subir hasta un 720 %.<\/p>\n<p>En Entre R\u00edos la situaci\u00f3n no es la misma. Hasta la aparici\u00f3n del congelamiento de tarifas hab\u00eda actualizaciones peri\u00f3dicas (como C\u00f3rdoba y Santa Fe), y el titular del Ente Provincial Regulador de la Energ\u00eda, Marcos Rodr\u00edguez Allende, dijo que el impacto rondar\u00e1 \u201centre el 40 y el 45 %\u201d.<\/p>\n<p>En R\u00edo Negro la empresa estatal de la provincia y el ente regulador estimaron que el impacto llegar\u00e1 al 60%. En Neuqu\u00e9n el c\u00e1lculo es diferente: del 30% al 35%.<br \/>\nEl litoral.com<\/p>\n","protected":false},"excerpt":{"rendered":"<p>En Santa Fe el impacto no ser\u00e1 de la magnitud de la suba en Buenos Aires y su Conurbano. En todas las distribuidoras del interior del pa\u00eds (como la EPE) se estima que habr\u00e1 fuertes aumentos. Tanto en la Casa Gris como en la Empresa Provincial de la Energ\u00eda por ahora no hay expresiones oficiales <a href=\"https:\/\/armstrongyregion.com.ar\/diario\/sube-la-energia-mayorista-y-la-epe-le-saca-punta-al-lapiz\/\" title=\"Read more\" >&#8230;<\/a><\/p>\n","protected":false},"author":2,"featured_media":5955,"comment_status":"open","ping_status":"open","sticky":false,"template":"","format":"standard","meta":{"_jetpack_memberships_contains_paid_content":false,"footnotes":"","jetpack_publicize_message":"","jetpack_publicize_feature_enabled":true,"jetpack_social_post_already_shared":false,"jetpack_social_options":{"image_generator_settings":{"template":"highway","default_image_id":0,"enabled":false},"version":2}},"categories":[1,2819,2,3],"tags":[1800,1722,3394,3393],"class_list":["post-5954","post","type-post","status-publish","format-standard","has-post-thumbnail","hentry","category-diario-armstrong","category-el-pais","category-locales","category-region","tag-energia","tag-epe","tag-mayorista","tag-sube"],"jetpack_publicize_connections":[],"jetpack_featured_media_url":"https:\/\/armstrongyregion.com.ar\/diario\/wp-content\/uploads\/2016\/01\/Trabajadores-de-Epe.jpg","jetpack_shortlink":"https:\/\/wp.me\/p62QDO-1y2","jetpack_sharing_enabled":true,"amp_enabled":true,"_links":{"self":[{"href":"https:\/\/armstrongyregion.com.ar\/diario\/wp-json\/wp\/v2\/posts\/5954","targetHints":{"allow":["GET"]}}],"collection":[{"href":"https:\/\/armstrongyregion.com.ar\/diario\/wp-json\/wp\/v2\/posts"}],"about":[{"href":"https:\/\/armstrongyregion.com.ar\/diario\/wp-json\/wp\/v2\/types\/post"}],"author":[{"embeddable":true,"href":"https:\/\/armstrongyregion.com.ar\/diario\/wp-json\/wp\/v2\/users\/2"}],"replies":[{"embeddable":true,"href":"https:\/\/armstrongyregion.com.ar\/diario\/wp-json\/wp\/v2\/comments?post=5954"}],"version-history":[{"count":0,"href":"https:\/\/armstrongyregion.com.ar\/diario\/wp-json\/wp\/v2\/posts\/5954\/revisions"}],"wp:featuredmedia":[{"embeddable":true,"href":"https:\/\/armstrongyregion.com.ar\/diario\/wp-json\/wp\/v2\/media\/5955"}],"wp:attachment":[{"href":"https:\/\/armstrongyregion.com.ar\/diario\/wp-json\/wp\/v2\/media?parent=5954"}],"wp:term":[{"taxonomy":"category","embeddable":true,"href":"https:\/\/armstrongyregion.com.ar\/diario\/wp-json\/wp\/v2\/categories?post=5954"},{"taxonomy":"post_tag","embeddable":true,"href":"https:\/\/armstrongyregion.com.ar\/diario\/wp-json\/wp\/v2\/tags?post=5954"}],"curies":[{"name":"wp","href":"https:\/\/api.w.org\/{rel}","templated":true}]}}