{"id":5948,"date":"2016-01-28T17:01:41","date_gmt":"2016-01-28T17:01:41","guid":{"rendered":"https:\/\/armstrongyregion.com.ar\/diario\/?p=5948"},"modified":"2016-01-28T17:01:41","modified_gmt":"2016-01-28T17:01:41","slug":"informe-de-labor-parlamentaria-del-concejal-leonardo-rostagno-periodo-10122013-10122015","status":"publish","type":"post","link":"https:\/\/armstrongyregion.com.ar\/diario\/informe-de-labor-parlamentaria-del-concejal-leonardo-rostagno-periodo-10122013-10122015\/","title":{"rendered":"Informe de Labor  Parlamentaria del Concejal Leonardo Rostagno  Per\u00edodo 10\/12\/2013-10\/12\/2015"},"content":{"rendered":"<p><a href=\"http:\/\/armstrongyregion.com.ar\/diario\/wp-content\/uploads\/2016\/01\/Leonardo-Rostagno.jpg\"><img loading=\"lazy\" decoding=\"async\" class=\"alignnone size-medium wp-image-5949\" src=\"http:\/\/armstrongyregion.com.ar\/diario\/wp-content\/uploads\/2016\/01\/Leonardo-Rostagno-300x200.jpg\" alt=\"Leonardo-Rostagno\" width=\"300\" height=\"200\" srcset=\"https:\/\/armstrongyregion.com.ar\/diario\/wp-content\/uploads\/2016\/01\/Leonardo-Rostagno-300x200.jpg 300w, https:\/\/armstrongyregion.com.ar\/diario\/wp-content\/uploads\/2016\/01\/Leonardo-Rostagno.jpg 768w\" sizes=\"auto, (max-width: 300px) 100vw, 300px\" \/><\/a>Al cumplirse la mitad del mandato para el cual fui electo por la ciudadan\u00eda de Armstrong, me veo en la obligaci\u00f3n de rendir cuentas de mi trabajo en el Concejo Deliberante durante los primeros dos a\u00f1os de mandato, es por ello que presento ante los medios de difusi\u00f3n y ante el pueblo, que es el due\u00f1o de mis actos, ya que a<br \/>\nellos represento, un detalle de lo actuado, muchos de los trabajos realizados (la mayor\u00eda) fueron presentados ante mis pares por propia sugerencia de ciudadanos de nuestra ciudad y otras fue con la intenci\u00f3n de mejorar la calidad de vida de los Armstronenses o bien cumpliendo aquello que promet\u00ed durante la campa\u00f1a, sin m\u00e1s preludios, aqu\u00ed enumero las minutas de comunicaci\u00f3n (MC), minutas de declaraci\u00f3n (MD) y los proyectos de ordenanza (ORD) presentados por mi bloque:<br \/>\nA\u00f1o 2014<br \/>\n01\/04\/2014 M.C.: CUMPLIMIENTO LEY 24.449 (CAMIONES EN BANQUINAS DE RUTA 9).<br \/>\nORD.: PROHIBICI\u00d3N DE ELEMENTOS DE PIROTECNIA.<br \/>\n08\/04\/2014 M.C.: CONSTRUCCI\u00d3N DE ACERA ESTE DE CALLE DR. FISCHER, ENTRE BV. ROLD\u00c1N Y CALLEJUELA CHILE.<br \/>\nM.C.: RECONSTRUCCI\u00d3N DE ELEVACIONES TRANSVERSALES EN CALLES DE LA CIUDAD.<br \/>\n15\/04\/2014 M.C.: CONSTRUCCI\u00d3N DE CICLOV\u00cdA HACIA EL POLIDEPORTIVO NORTE.<br \/>\nM.C.: MANTENIMIENTO Y DELIMITACI\u00d3N DE CALLES EN ZONA NORTE DE LA CIUDAD.<br \/>\nM.C.: SE\u00d1ALIZACI\u00d3N EN CLUBES DE LA CIUDAD, QUE DESARROLLAN ACTIVIDADES DEPORTIVAS.<br \/>\n22\/01\/2014 M.D.: 20\u00ba ANIVERSARIO DEL FALLECIMIENTO DEL DR. RICARDO J.A. FISCHER.<br \/>\nM.C.: ACONDICIONAMIENTO DEL PARQUE INFANTIL BRACITO FUERTE.<br \/>\nM.C.: CONSTRUCCI\u00d3N DE ACERAS EN LA MANZANA DONDE SE ENCUENTRA EMPLAZADO EL S.A.M.Co. LOCAL.<br \/>\n29\/04\/2014 M.C.: ILUMINACI\u00d3N DEL PARQUE 5 DE JUNIO Y DE LA PLAZA NONA ROCHA.<br \/>\nM.C.: CONTROL DE ADELANTAMIENTO DE VEH\u00cdCULOS POR LA DERECHA.<br \/>\nM.C.: INFORME SI EL CAMINO DELIMITADO ENTRE CALLES CASTELLANOS, CALIFORNIA, LISANDRO DE LA TORRE E IRIGOYEN, ES UNA CALLE DE LA ZONA URBANA.<br \/>\n06\/05\/2014 M.C.: ILUMINACI\u00d3N DEL PARQUE 5 DE JUNIO Y DE LA PLAZA NONA ROCHA.<br \/>\nM.C.: CONTROL DE ADELANTAMIENTO DE VEH\u00cdCULOS POR LA DERECHA.<br \/>\nM.C.: INFORME SI EL CAMINO DELIMITADO ENTRE CALLES CASTELLANOS, CALIFORNIA, LISANDRO DE LA TORRE E IRIGOYEN, ES UNA CALLE DE LA ZONA URBANA.<br \/>\n13\/05\/2014 M.C.: PEDIDO DE OBRAS DE DESAG\u00dcES CLOACALES.<br \/>\nM.C.: COLOCACI\u00d3N DE LUZ INTERMITENTE EN INTERSECCI\u00d3N DE CALLE FLOTRON Y RUTA N\u00ba15.<br \/>\nM.C.: COLOCACI\u00d3N DE CARTELER\u00cdA EN ESTACIONAMIENTO DE CALLE SAN MART\u00cdN, ENTRE LA PLATA Y SAN LUIS.<br \/>\nM.C.: REEMPLAZO DE TUBO DE ALCANTARILLA EN INTERSECCI\u00d3N DE CALLES CUFFIA Y PARAGUAY.<br \/>\n20\/05\/2014 M.C.: REEMPLAZO DE ARBUSTOS EN PARQUE INFANTIL \u201c5 DE JUNIO\u201d.<br \/>\nM.C.: ACONDICIONAMIENTO DE CAMINOS RURALES.<br \/>\nM.C.: ACONDICIONAMIENTO DE CAMINO HACIA PILETONES CON EFLUENTES CLOACALES.<br \/>\n27\/05\/2014 M.C.: ENSANCHAMIENTO DE CALLE ELISA, ENTRE TORTUGAS Y BELL VILLE.<br \/>\nM.C.: ARREGLO DE CALZADA EN CALLE VENEZUELA, ENTRE BERGARA Y BARRIOS.<br \/>\nM.C.: ARREGLO DE CALZADA EN DR. FISCHER, INTERSECCI\u00d3N CON CALLES LISANDRO DELA TORRE Y SAN MART\u00cdN.<br \/>\nM.C.: NIVELACI\u00d3N DE CUNETAS EN CALLE BERGARA, ENTRE VENEZUELA Y BELL VILLE.<br \/>\n03\/06\/2014 M.C.: INFORME SOBRE PETICIONES EFECTUADAS POR EL CONCEJO AL D.E.<br \/>\nM.C.: COLOCACI\u00d3N DE LUMINARIAS SOBRE CALLE PARAGUAY, ENTRE CUFFIA Y PER\u00da.<br \/>\n10\/06\/2014 M.C.: ACONDICIONAMIENTO DE ALCANTARILLAS EN CALLE IRIGOYEN, ENTRE 5 DE JUNIO Y PARAGUAY.<br \/>\nM.C.: PODA DE \u00c1RBOLES EN CALLE PARAN\u00c1, ENTRE BELL VILLE Y VENEZUELA.<br \/>\nM.C.: COLOCACI\u00d3N DE BICICLETEROS FRENTE AL REGISTRO CIVIL.<br \/>\n24\/06\/2014 M.C.: COLOCACI\u00d3N DE LUMINARIAS SOBRE CALLE CUFFIA, ENTRE BELGRANO Y PARAGUAY.<br \/>\nM.C.: COLOCACI\u00d3N DE LUMINARIA EN ACERA DE CALLE OTTO BANTLE, FRENTEAL CAJERO NUEVO BANCO DE SANTA FE.<br \/>\nM.C.: REESTABLECIMIENTO DE LAZOS DE HERMANDAD CON \u00d3SIMO.<br \/>\n22\/07\/2014 ORD.: MODIFICACI\u00d2N DEL ART\u00ccCULO 102 DE LA ORDENANZA TRIBUTARIA VIGENTE.<br \/>\n29\/07\/2014 M.C.: REDUCTORES DE VELOCIDAD SOBRE CALLE SANTA FE ESQUINA ECUADOR.<br \/>\nM.C.: ROTONDAS EN LA INTERSECCI\u00d3N DE CALLES LA PLATA Y SANGUINETI E INTERSECCI\u00d3N DE CALLE LA PLATA Y BV. TORTUGAS.<br \/>\nM.C.: ILUMINACI\u00d3N TRAYECTO RUTA N\u00ba15 SOBRE \u00c1REA INDUSTRIAL.<br \/>\n05\/08\/2014 M.C.: CONSTRUCCI\u00d3N DE ELEVACIONES TRANSVERSALES EN CALLE SAN LORENZO AL 100.<br \/>\nM.C.: SE\u00d1ALIZACI\u00d3N DE ESTACIONAMIENTO A 45\u00ba SOBRE CALLE ROLD\u00c1N, ENTRE CALIFORNIA Y SAN LUIS.<br \/>\n12\/08\/2014 M.C.: ARREGLO DE CALZADA EN CALLEJUELA PER\u00da INTERSECCI\u00d3N CON CALLE CALIFORNIA.<br \/>\nM.C.: ACONDICIONAMIENTO DE CALZADA DE CALLE LISANDRO DE LA TORRE, ENTRE CALLE 5 DE JUNIO Y CALLE PARAGUAY.<br \/>\nM.C.: COLOCACI\u00d3N DE LUMINARIA SOBRE CALLE SANGUINETTI.<br \/>\n19\/08\/2014 ORD.: CONTENCI\u00d3N DE NI\u00d1OS CON CAPACIDADES DIFERENTES EN GUARDER\u00cdA MINIMUNDO.<br \/>\n26\/08\/2014 M.C.: SANEAMIENTO DE CUNETAS, ALCANTARILLAS Y CALLES.<br \/>\nM.C.: ACONDICIONAMIENTO DE LA CALZADA, EN CALLE IRACI, ENTRE LISANDRO DE LA TORRE Y CUFFIA.<br \/>\n09\/09\/2014 M.C.: COLOCACI\u00d3N DE \u00c1RBOLES EN CALLEJUELA ECUADOR, ENTRE SAN LORENZO Y SAN NICOL\u00c1S.<br \/>\nM.C.: EXISTENCIA DE EFLUENTES EN CANAL DE CAMINO PARALELO AL DEL CEMENTERIO LOCAL.<br \/>\nM.C.: COLOCACI\u00d3N DE LUMINARIA EN CALLE LOS \u00c1LAMOS ENTRE CASTELLANOS Y CALIFORNIA.<br \/>\n16\/09\/2014 M.C.: CONSTRUCCI\u00d3N DE ELEVACIONES TRANSVERSALES EN CALLES DELFO CABRERA Y BELL VILLE.<br \/>\nM.C.: ACONDICIONAMIENTO DE CALLE JACARAND\u00c1.<br \/>\n23\/09\/2014 M.C.: ILUMINACI\u00d3N DE CALLE BRASIL, ENTRE BARRIOS Y BERGARA.<br \/>\nM.C.: LUMINARIA EN TERMINAL DE \u00d3MNIBUS.<br \/>\n30\/09\/2014 M.C.: CONSTRUCCI\u00d3N DE ELEVACIONES TRANSVERSALES SOBRE CALLE RIVADAVIA, ENTRE IRIGOYEN Y LISANDRO DE LA TORRE.<br \/>\nM.C.: COLOCACI\u00d3N DE LUMINARIA SOBRE CALLE SCHAER, ENTRE MART\u00cdNEZ Y MORENO.<br \/>\n07\/10\/2014 M.C.: ARREGLO DE BV. FISCHER EN INTERSECCI\u00d3N CON CALLE SCHAER.<br \/>\n14\/10\/2014 M.C.: CONSTRUCCI\u00d3N DE ELEVACIONES TRANSVERSALES Y COLOCACI\u00d3N DE LUMINARIA SOBRE CALLE LA PLATA.<br \/>\nM.C.: COLOCACI\u00d3N DE SEM\u00c1FORO EN LA INTERSECCI\u00d3N DE CALLES SANGUINETTI Y BELGRANO.<br \/>\n21\/10\/2014 M.C.: MAYOR CONTROL DE TR\u00c1NSITO EN CALLE LA PLATA.<br \/>\nM.C.: SE\u00d1ALIZACI\u00d3N DE BV. FISCHER EN INTERSECCI\u00d3N CON BV. TORTUGAS.<br \/>\nM.C.: INFORME SOBRE EL ESTADO ACTUAL DEL CEMENTERIO MUNICIPAL.<br \/>\n28\/10\/2014 M.C.: COLOCACI\u00d3N DE ESPEJOS PARAB\u00d3LICOS EN LA INTERSECCI\u00d3N DE CALLES IRACI Y LISANDRO DE LA TORRE.<br \/>\nM.C.: ACONDICIONAMIENTO Y RESGUARDO NOCTURNO DEL PARQUE BRACITO FUERTE.<br \/>\nM.C.: ARREGLO DE CALZADA EN INTERSECCI\u00d3N DE CALLES FISCHER Y CUFFIA.<br \/>\n04\/11\/2014 M.C.: INSTALACI\u00d3N DE BA\u00d1OS EN PLAZA FLOTRON.<br \/>\nM.C.: MANTENIMIENTO DE LAS INSTALACIONES DEL S.A.M.Co.<br \/>\n11\/11\/2014 M.C.: PODA DE \u00c1RBOLES SOBRE CALLE P\u00cdO CHIODI.<br \/>\nM.C.: MANTENIMIENTO DE CALLES EN BARRIO 160 VIVIENDAS.<br \/>\n18\/11\/2014 M.C.: PODA DE \u00c1RBOLES SOBRE CALLE P\u00cdO CHIODI.<br \/>\nM.C.: MANTENIMIENTO DE CALLES EN BARRIO 160 VIVIENDAS.<br \/>\n25\/11\/2014 M.C.: OBRA DE DESAG\u00dcES CLOACALES EN CALLE CALIFORNIA, ENTRE RUTA 9 Y CUFFIA.<br \/>\nM.C.: PAVIMENTACI\u00d3N EN CALLE SANTA FE, ENTRE SCHAER Y VILLA MAR\u00cdA.<br \/>\n02\/12\/2014 M.C.: COLOCACI\u00d3N DE LUMINARIA EN CALLE CUFFIA, ENTRE LA PLATA Y A. ARGENTINA.<br \/>\nM.C.: CONSTRUCCI\u00d3N DE REDUCTORES DE VELOCIDAD EN CALLE BELGRANO ESQUINA P. FERRERO.<br \/>\nM.C.: ARREGLO DE CALLE BS. AS. ENTRE SCHAER Y TORTUGAS.<br \/>\nA\u00d1O 2015<br \/>\n17\/03\/2015 M.C.: ARREGLOS EN LOS COMPLEJOS FONAVI NORTE Y SUR.<br \/>\nORD.: FINANCIAMIENTO DE OBRAS DE DESAG\u00dcES PLUVIALES.<br \/>\n31\/03\/2015 M.C.: LIMPIEZA DE CUNETAS EN CALLE VILLA MAR\u00cdA AL 1900.<br \/>\nM.C.: ARREGLO DE CALZADA EN CALLEJUELA PER\u00da AL 1600.<br \/>\nM.C.: COLOCACI\u00d3N DE ELEMENTOS DE EJERCITACI\u00d3N EN PLAZA MAR\u00cdA CLERI\u00d3N.<br \/>\n21\/04\/2015 M.C.: OBRA DE DESAG\u00dcES CLOACALES EN CALLE LA PLATA AL 400.<br \/>\nM.C.: COLOCACI\u00d3N DE LUMINARIA SOBRE CALLE MORENO ENTRE ECUADOR Y BELL VILLE.<br \/>\n28\/04\/2015 M.C.: ARREGLO DE CALLE FLOTRON, ENTRE P\u00cdO CHIODI Y DR. FISCHER.<br \/>\n12\/05\/2015 M.C.: MANTENIMIENTO DE JUNTAS DE DILATACI\u00d3N EN LAS CALZADAS DE LA CIUDAD.<br \/>\n19\/05\/2015 M.C.: PEDIDO DE OBRAS DE DESAG\u00dcES CLOACALES EN CALLE VILLA MAR\u00cdA MC.: CONSTRUCCI\u00d3N DE LOMOS DE BURRO EN CALLE PARAGUAY, ENTRE SAN MART\u00cdN Y SANGUINETI.<br \/>\n26\/05\/2015 ORD.: CREACI\u00d3N DE UN DISPENSARIO DE SALUD MUNICIPAL.<br \/>\n16\/06\/2015 M.C.: PEDIDO DE OBRA DE DESAG\u00dcES CLOACALES EN CALLE LA PLATA AL 700.<br \/>\nM.C.: ACONDICIONAMIENTO EN PASAJE COUL\u00cdN ENTRE A. ARGENTINA Y LA PLATA.<br \/>\n23\/06\/2015 ORD.: DERECHO A LA INFORMACI\u00d3N P\u00daBLICA.<br \/>\n30\/06\/2015 M.C.: REEMPLAZO DE VIDRIOS EN LA GARITA DE LA INTERSECCI\u00d3N DE CALLES IRACI Y ROLD\u00c1N.<br \/>\nM.C.: PODA DE \u00c1RBOLES FRENTE AL JARD\u00cdN N\u00ba 84.<br \/>\n07\/07\/2015 M.C.: CONSTRUCCION DE RAMPA FRENTE AL REGISTRO CIVIL.<br \/>\nM.C.: COLOCACION DE SEMAFOROS EN INTERSECCION DE CALLE LA PLATA Y BV. FLOTRON.<br \/>\n28\/07\/2015 M.D.: SE DECLARA A FACUNDO BAGNIS DEPORTISTA ILUSTRE DE LA CIUDAD.<br \/>\n04\/08\/2015 M.C.: CAMPA\u00d1A DE CONCIENTIZACI\u00d3N SOBRE EL PELIGRO DE TORMENTAS EL\u00c9CTRICAS.<br \/>\n11\/08\/2015 M.C.: MANTENIMIENTO DE CALLES DE LA ZONA ESTE DE LA CIUDAD.<br \/>\nM.C.: ACUMULACI\u00d3N DE RESIDUOS EN DR. FISCHER Y SANGUINETTI.<br \/>\n18\/08\/2015 M.C.: INFORME SOBRE INTERRUPCI\u00d3N DE LA OBRA DE PAVIMENTACI\u00d3N URBANA.<br \/>\nM.C.: ACONDICIONAMIENTO DE LA CALLE LISANDRO DE LA TORRE, ENTRE CASTELLANOS Y CALIFORNIA.<br \/>\n25\/08\/2015 M.C.: LIMPIEZA DE CUNETAS EN CALLE SARMIENTO.<br \/>\nORD.: INCLUSI\u00d3N DE UNA PARTIDA PARA EL COMEDOR DE LA ESCUELA N\u00ba600, DENTRO DEL PRESUPUESTO MUNICIPAL 2.016.<br \/>\n01\/09\/2015 M.C.: REFACCIONES EN NICHOS DEL CEMENTERIO LOCAL.<br \/>\n08\/09\/2015 M.C.: LIMPIEZA DE CUNETASM ALCANTARILLAS Y TUBOS.<br \/>\nM.C.: ACONDICIONAMIENTO DE CALLE BV. 14 DE DICIEMBRE ENTRE CALIFORNIA Y PARTAGUAY.<br \/>\n15\/09\/2015 M.C.: CONSTRUCCI\u00d3N DE ELEVACIONES TRANSVERSALES SOBRE CALLE BUENOS AIRES, ENTRE BRASIL Y BV. TORTUGAS.<br \/>\nM.C.: CONSTRUCCI\u00d3N DE ACERAS EN EL S.A.M.Co. LOCAL.<br \/>\n22\/09\/2015 M.D.: RECONOCIMIENTO A ALUMNAS DEL PROFESORADO DE EDUCACI\u00d3N PRIMARIA.<br \/>\nM.C.: LIMPIEZA DE CUNETAS EN CALLE SCHAER.<br \/>\nM.C.: SE\u00d1ALIZACI\u00d3N DE CALLES, AL NORTE DE LA RUTA NACIONAL N\u00ba 9.<br \/>\n29\/09\/2015 ORD.: APLICACI\u00d3N DEL SISTEMA DE PRESUPUESTO PARTICIPATIVO.<br \/>\n06\/10\/2015 M.C.: INFORME SOBRE EL ESTADO DE LA OBRA DE DESAG\u00dcES PLUVIALES EN LA ZONA NORESTE DE LA CIUDAD.<br \/>\nM.C.: SE SOLICITA LA LIMPIEZA DE CUNETAS EN CALLE ELISA.<br \/>\n13\/10\/2015 M.C.: INFORME SOBRE EL LAGO DE LA PLAZA SAN MART\u00cdN.<br \/>\nM.C.: COLOCACI\u00d3N DE LUMINARIAS EN CALLE BELL VILLE, ENTRE BERGARA Y BARRIOS.<br \/>\n20\/10\/2015 M.C.: DESMALEZAMIENTO, SANEAMIENTO Y LIMPIEZA DE TUBOS SOBRE CALLE IRIGOYEN, ENTRE 5 DE JUNIO Y PARAGUAY.<br \/>\n03\/11\/2015 M.C.: ARREGLO DE CALZADA Y LIMPIEZA DE CUNETAS EN CALLE SCHAER.<br \/>\nM.C.: COLOCACI\u00d3N DE LUMINARIA SOBRE CALLEJUELA BRASIL.<br \/>\n10\/11\/2015 M.C.: ARREGLO DE CALZADA EN CALLEJUELA PER\u00da INTERSECCI\u00d3N CON CALLE CALIFORNIA.<br \/>\nORD.: CREACI\u00d3N DE LA DIRECCI\u00d3N DE PREVENCI\u00d3N Y LUCHA CONTRA LAS CONDUCTAS ADICTIVAS.<br \/>\n17\/11\/2015 M.C.: ACUMULACI\u00d3N DE RESIDUOS EN EL EX &#8211; BASURAL DE RUTA N\u00ba15.<br \/>\n24\/11\/2015 M.C.: DOBLE SENTIDO DE CIRCULACI\u00d3N DE CALLE DEMOCRACIA.<br \/>\n01\/12\/2015 M.C.: PLANEAMIENTO URBAN\u00cdSTICO VIAL DE LA CIUDAD.<\/p>\n<p>M.C.: 110.<br \/>\nM.D.: 3.<br \/>\nORD.: 9.<\/p>\n<p>Todo esto pudo realizarse gracias al compromiso y la colaboraci\u00f3n de los habitantes de nuestra ciudad, no solo los que simpatizan por mi l\u00ednea partidaria sino tambi\u00e9n de los opositores y los independientes que en alg\u00fan momento nos plantearon sus necesidades, a todos ellos va nuestro agradecimiento y la ratificaci\u00f3n de que seguiremos dispuestos a escucharlos y tratar de ayudar en lo que est\u00e9 a nuestro alcance para contribuir al bienestar general.<br \/>\nDesde ya muchas gracias y contamos con ustedes para poder seguir creciendo en el cumplimiento de nuestra funci\u00f3n p\u00fablica.<br \/>\nLeonardo A. Rostagno. Concejal<\/p>\n","protected":false},"excerpt":{"rendered":"<p>Al cumplirse la mitad del mandato para el cual fui electo por la ciudadan\u00eda de Armstrong, me veo en la obligaci\u00f3n de rendir cuentas de mi trabajo en el Concejo Deliberante durante los primeros dos a\u00f1os de mandato, es por ello que presento ante los medios de difusi\u00f3n y ante el pueblo, que es el <a href=\"https:\/\/armstrongyregion.com.ar\/diario\/informe-de-labor-parlamentaria-del-concejal-leonardo-rostagno-periodo-10122013-10122015\/\" title=\"Read more\" >&#8230;<\/a><\/p>\n","protected":false},"author":2,"featured_media":5949,"comment_status":"open","ping_status":"open","sticky":false,"template":"","format":"standard","meta":{"_jetpack_memberships_contains_paid_content":false,"footnotes":"","jetpack_publicize_message":"","jetpack_publicize_feature_enabled":true,"jetpack_social_post_already_shared":false,"jetpack_social_options":{"image_generator_settings":{"template":"highway","default_image_id":0,"enabled":false},"version":2}},"categories":[1,2,7,3],"tags":[20,673,2059,1751],"class_list":["post-5948","post","type-post","status-publish","format-standard","has-post-thumbnail","hentry","category-diario-armstrong","category-locales","category-politica","category-region","tag-armstrong","tag-concejal","tag-leonardo","tag-rostagno"],"jetpack_publicize_connections":[],"jetpack_featured_media_url":"https:\/\/armstrongyregion.com.ar\/diario\/wp-content\/uploads\/2016\/01\/Leonardo-Rostagno.jpg","jetpack_shortlink":"https:\/\/wp.me\/p62QDO-1xW","jetpack_sharing_enabled":true,"amp_enabled":true,"_links":{"self":[{"href":"https:\/\/armstrongyregion.com.ar\/diario\/wp-json\/wp\/v2\/posts\/5948","targetHints":{"allow":["GET"]}}],"collection":[{"href":"https:\/\/armstrongyregion.com.ar\/diario\/wp-json\/wp\/v2\/posts"}],"about":[{"href":"https:\/\/armstrongyregion.com.ar\/diario\/wp-json\/wp\/v2\/types\/post"}],"author":[{"embeddable":true,"href":"https:\/\/armstrongyregion.com.ar\/diario\/wp-json\/wp\/v2\/users\/2"}],"replies":[{"embeddable":true,"href":"https:\/\/armstrongyregion.com.ar\/diario\/wp-json\/wp\/v2\/comments?post=5948"}],"version-history":[{"count":0,"href":"https:\/\/armstrongyregion.com.ar\/diario\/wp-json\/wp\/v2\/posts\/5948\/revisions"}],"wp:featuredmedia":[{"embeddable":true,"href":"https:\/\/armstrongyregion.com.ar\/diario\/wp-json\/wp\/v2\/media\/5949"}],"wp:attachment":[{"href":"https:\/\/armstrongyregion.com.ar\/diario\/wp-json\/wp\/v2\/media?parent=5948"}],"wp:term":[{"taxonomy":"category","embeddable":true,"href":"https:\/\/armstrongyregion.com.ar\/diario\/wp-json\/wp\/v2\/categories?post=5948"},{"taxonomy":"post_tag","embeddable":true,"href":"https:\/\/armstrongyregion.com.ar\/diario\/wp-json\/wp\/v2\/tags?post=5948"}],"curies":[{"name":"wp","href":"https:\/\/api.w.org\/{rel}","templated":true}]}}