{"id":5944,"date":"2016-01-28T16:48:08","date_gmt":"2016-01-28T16:48:08","guid":{"rendered":"https:\/\/armstrongyregion.com.ar\/diario\/?p=5944"},"modified":"2016-01-28T16:50:16","modified_gmt":"2016-01-28T16:50:16","slug":"estamos-dando-solucion-a-una-obra-parada-desde-hace-4-meses-expreso-mey","status":"publish","type":"post","link":"https:\/\/armstrongyregion.com.ar\/diario\/estamos-dando-solucion-a-una-obra-parada-desde-hace-4-meses-expreso-mey\/","title":{"rendered":"\u201cEstamos dando soluci\u00f3n a una obra parada desde hace 4 meses\u201d, expres\u00f3 Meyer."},"content":{"rendered":"<p><a href=\"http:\/\/armstrongyregion.com.ar\/diario\/wp-content\/uploads\/2016\/01\/Las-Rosas-Meyer.jpg\"><img loading=\"lazy\" decoding=\"async\" class=\"alignnone size-medium wp-image-5945\" src=\"http:\/\/armstrongyregion.com.ar\/diario\/wp-content\/uploads\/2016\/01\/Las-Rosas-Meyer-300x208.jpg\" alt=\"Las Rosas-Meyer\" width=\"300\" height=\"208\" srcset=\"https:\/\/armstrongyregion.com.ar\/diario\/wp-content\/uploads\/2016\/01\/Las-Rosas-Meyer-300x208.jpg 300w, https:\/\/armstrongyregion.com.ar\/diario\/wp-content\/uploads\/2016\/01\/Las-Rosas-Meyer.jpg 768w\" sizes=\"auto, (max-width: 300px) 100vw, 300px\" \/><\/a>As\u00ed se refiri\u00f3 el intendente de Las Rosas a la continuidad de la extensi\u00f3n de red cloacal en calle Paso de Los Andes y Gral. L\u00f3pez, en entrevista por Renacer Regional.<br \/>\n\u201cHemos puesto un esfuerzo en adquirir el material para completar la obra y de seguir con el personal que estaba trabajando en ella para as\u00ed finalizarla, y terminar con esas zanjas y monta\u00f1as de tierra\u201d, manifest\u00f3 Javier Meyer.<\/p>\n<p>Inform\u00f3 tambi\u00e9n que se est\u00e1 culminando la cuadra de cord\u00f3n cuneta y mejorado en calle Corrientes, entre Independencia y R. Saenz Pe\u00f1a.<\/p>\n<p>Otros conceptos<\/p>\n<p>Presupuesto 2016. \u201cEst\u00e1 pr\u00e1cticamente elaborado, y como estamos en un proceso de auditor\u00eda queremos que los recursos sean asignados como corresponda.\u201d<br \/>\nSITraM. \u201cLa situaci\u00f3n sigue con las diferencias que se plantearon, pero se est\u00e1 trabajando normalmente\u00bb.<br \/>\nAuditor\u00eda. \u201cTenemos respuestas para contar a la sociedad que pas\u00f3 y porqu\u00e9 Las Rosas est\u00e1 as\u00ed. Hay muchos puntos que a medida que vayamos teniendo los informes los iremos comunicando a los vecinos.\u201d<br \/>\nEmergencia econ\u00f3mica. \u201cTenemos claro y perfectamente asentado donde van los recursos que estamos manejando. As\u00ed que el tema del presupuesto no es lo que m\u00e1s me preocupa.\u201d<br \/>\nAyuda del Tesoro Nacional. \u201cEsta administraci\u00f3n en un mes y medio ha pagado el total de 3 sueldos. Y debemos agradecer a los vecinos y al gobierno nacional que nos ha enviado una ayuda de $ 500.000.-, siendo una situaci\u00f3n excepcional dentro de los municipios de Santa Fe\u201d.<br \/>\nEncarrilar la situaci\u00f3n actual. , dijo.<\/p>\n","protected":false},"excerpt":{"rendered":"<p>As\u00ed se refiri\u00f3 el intendente de Las Rosas a la continuidad de la extensi\u00f3n de red cloacal en calle Paso de Los Andes y Gral. L\u00f3pez, en entrevista por Renacer Regional. \u201cHemos puesto un esfuerzo en adquirir el material para completar la obra y de seguir con el personal que estaba trabajando en ella para <a href=\"https:\/\/armstrongyregion.com.ar\/diario\/estamos-dando-solucion-a-una-obra-parada-desde-hace-4-meses-expreso-mey\/\" title=\"Read more\" >&#8230;<\/a><\/p>\n","protected":false},"author":2,"featured_media":5945,"comment_status":"open","ping_status":"open","sticky":false,"template":"","format":"standard","meta":{"_jetpack_memberships_contains_paid_content":false,"footnotes":"","jetpack_publicize_message":"","jetpack_publicize_feature_enabled":true,"jetpack_social_post_already_shared":false,"jetpack_social_options":{"image_generator_settings":{"template":"highway","default_image_id":0,"enabled":false},"version":2}},"categories":[1,7,3],"tags":[33,1565,1934,635,3390,3389],"class_list":["post-5944","post","type-post","status-publish","format-standard","has-post-thumbnail","hentry","category-diario-armstrong","category-politica","category-region","tag-a","tag-javier","tag-meyer","tag-obra","tag-parada","tag-solucion"],"jetpack_publicize_connections":[],"jetpack_featured_media_url":"https:\/\/armstrongyregion.com.ar\/diario\/wp-content\/uploads\/2016\/01\/Las-Rosas-Meyer.jpg","jetpack_shortlink":"https:\/\/wp.me\/p62QDO-1xS","jetpack_sharing_enabled":true,"amp_enabled":true,"_links":{"self":[{"href":"https:\/\/armstrongyregion.com.ar\/diario\/wp-json\/wp\/v2\/posts\/5944","targetHints":{"allow":["GET"]}}],"collection":[{"href":"https:\/\/armstrongyregion.com.ar\/diario\/wp-json\/wp\/v2\/posts"}],"about":[{"href":"https:\/\/armstrongyregion.com.ar\/diario\/wp-json\/wp\/v2\/types\/post"}],"author":[{"embeddable":true,"href":"https:\/\/armstrongyregion.com.ar\/diario\/wp-json\/wp\/v2\/users\/2"}],"replies":[{"embeddable":true,"href":"https:\/\/armstrongyregion.com.ar\/diario\/wp-json\/wp\/v2\/comments?post=5944"}],"version-history":[{"count":0,"href":"https:\/\/armstrongyregion.com.ar\/diario\/wp-json\/wp\/v2\/posts\/5944\/revisions"}],"wp:featuredmedia":[{"embeddable":true,"href":"https:\/\/armstrongyregion.com.ar\/diario\/wp-json\/wp\/v2\/media\/5945"}],"wp:attachment":[{"href":"https:\/\/armstrongyregion.com.ar\/diario\/wp-json\/wp\/v2\/media?parent=5944"}],"wp:term":[{"taxonomy":"category","embeddable":true,"href":"https:\/\/armstrongyregion.com.ar\/diario\/wp-json\/wp\/v2\/categories?post=5944"},{"taxonomy":"post_tag","embeddable":true,"href":"https:\/\/armstrongyregion.com.ar\/diario\/wp-json\/wp\/v2\/tags?post=5944"}],"curies":[{"name":"wp","href":"https:\/\/api.w.org\/{rel}","templated":true}]}}