{"id":5931,"date":"2016-01-27T16:00:48","date_gmt":"2016-01-27T16:00:48","guid":{"rendered":"https:\/\/armstrongyregion.com.ar\/diario\/?p=5931"},"modified":"2016-01-27T16:00:48","modified_gmt":"2016-01-27T16:00:48","slug":"pullaro-recibe-a-los-taxistas-tras-el-asesinato-de-un-chofer","status":"publish","type":"post","link":"https:\/\/armstrongyregion.com.ar\/diario\/pullaro-recibe-a-los-taxistas-tras-el-asesinato-de-un-chofer\/","title":{"rendered":"Pullaro recibe a los taxistas, tras el asesinato de un chofer."},"content":{"rendered":"<p><a href=\"http:\/\/armstrongyregion.com.ar\/diario\/wp-content\/uploads\/2016\/01\/Pullaro-taxistas.jpg\"><img loading=\"lazy\" decoding=\"async\" class=\"alignnone size-medium wp-image-5932\" src=\"http:\/\/armstrongyregion.com.ar\/diario\/wp-content\/uploads\/2016\/01\/Pullaro-taxistas-300x225.jpg\" alt=\"Pullaro-taxistas\" width=\"300\" height=\"225\" srcset=\"https:\/\/armstrongyregion.com.ar\/diario\/wp-content\/uploads\/2016\/01\/Pullaro-taxistas-300x225.jpg 300w, https:\/\/armstrongyregion.com.ar\/diario\/wp-content\/uploads\/2016\/01\/Pullaro-taxistas.jpg 621w\" sizes=\"auto, (max-width: 300px) 100vw, 300px\" \/><\/a>Representantes de los distintos sectores de taxistas participaban este mediod\u00eda de un encuentro con el ministro de Seguridad provincial y la Secretaria de Transporte y Movilidad municipal.<\/p>\n<p>Representantes de los distintos sectores que nuclean a los taxistas\u00a0\u2014titulares de licencias, choferes e independientes\u2014 fueron recibidos este mediod\u00eda por el ministro de Seguridad provincial Maximiliano Pullaro. Del encuentro, celebrado en la sede local de Gobernaci\u00f3n, particip\u00f3 tambi\u00e9n la Secretaria de Transporte y Movilidad muncipal, M\u00f3nica Alvarado. M\u00e1s tarde ingres\u00f3 tambi\u00e9n a Gobernaci\u00f3n \u00a0el jefe de la Polic\u00eda de Santa Fe, Rafael Grau.<\/p>\n<p>El encuentro se da en el marco de un paro de taxistas lanzado anoche, luego de que un chofer -Eduardo Piris, de 41 a\u00f1os- fuera asesinado por un joven que iba como pasajero en la zona de Gutenberg e Ituzaing\u00f3.<\/p>\n<p>Los taxistas esperan recibir de la provincia propuestas concretas para la seguridad.<\/p>\n<p>La Capital.com<\/p>\n","protected":false},"excerpt":{"rendered":"<p>Representantes de los distintos sectores de taxistas participaban este mediod\u00eda de un encuentro con el ministro de Seguridad provincial y la Secretaria de Transporte y Movilidad municipal. Representantes de los distintos sectores que nuclean a los taxistas\u00a0\u2014titulares de licencias, choferes e independientes\u2014 fueron recibidos este mediod\u00eda por el ministro de Seguridad provincial Maximiliano Pullaro. Del <a href=\"https:\/\/armstrongyregion.com.ar\/diario\/pullaro-recibe-a-los-taxistas-tras-el-asesinato-de-un-chofer\/\" title=\"Read more\" >&#8230;<\/a><\/p>\n","protected":false},"author":2,"featured_media":5932,"comment_status":"open","ping_status":"open","sticky":false,"template":"","format":"standard","meta":{"_jetpack_memberships_contains_paid_content":false,"footnotes":"","jetpack_publicize_message":"","jetpack_publicize_feature_enabled":true,"jetpack_social_post_already_shared":false,"jetpack_social_options":{"image_generator_settings":{"template":"highway","default_image_id":0,"enabled":false},"version":2}},"categories":[1,2,7,3],"tags":[100,2846,462,3385],"class_list":["post-5931","post","type-post","status-publish","format-standard","has-post-thumbnail","hentry","category-diario-armstrong","category-locales","category-politica","category-region","tag-con","tag-pullaro","tag-reunion","tag-taxistas"],"jetpack_publicize_connections":[],"jetpack_featured_media_url":"https:\/\/armstrongyregion.com.ar\/diario\/wp-content\/uploads\/2016\/01\/Pullaro-taxistas.jpg","jetpack_shortlink":"https:\/\/wp.me\/p62QDO-1xF","jetpack_sharing_enabled":true,"amp_enabled":true,"_links":{"self":[{"href":"https:\/\/armstrongyregion.com.ar\/diario\/wp-json\/wp\/v2\/posts\/5931","targetHints":{"allow":["GET"]}}],"collection":[{"href":"https:\/\/armstrongyregion.com.ar\/diario\/wp-json\/wp\/v2\/posts"}],"about":[{"href":"https:\/\/armstrongyregion.com.ar\/diario\/wp-json\/wp\/v2\/types\/post"}],"author":[{"embeddable":true,"href":"https:\/\/armstrongyregion.com.ar\/diario\/wp-json\/wp\/v2\/users\/2"}],"replies":[{"embeddable":true,"href":"https:\/\/armstrongyregion.com.ar\/diario\/wp-json\/wp\/v2\/comments?post=5931"}],"version-history":[{"count":0,"href":"https:\/\/armstrongyregion.com.ar\/diario\/wp-json\/wp\/v2\/posts\/5931\/revisions"}],"wp:featuredmedia":[{"embeddable":true,"href":"https:\/\/armstrongyregion.com.ar\/diario\/wp-json\/wp\/v2\/media\/5932"}],"wp:attachment":[{"href":"https:\/\/armstrongyregion.com.ar\/diario\/wp-json\/wp\/v2\/media?parent=5931"}],"wp:term":[{"taxonomy":"category","embeddable":true,"href":"https:\/\/armstrongyregion.com.ar\/diario\/wp-json\/wp\/v2\/categories?post=5931"},{"taxonomy":"post_tag","embeddable":true,"href":"https:\/\/armstrongyregion.com.ar\/diario\/wp-json\/wp\/v2\/tags?post=5931"}],"curies":[{"name":"wp","href":"https:\/\/api.w.org\/{rel}","templated":true}]}}