{"id":586,"date":"2015-01-26T05:06:39","date_gmt":"2015-01-26T05:06:39","guid":{"rendered":"https:\/\/armstrongyregion.com.ar\/diario\/?p=586"},"modified":"2015-01-26T05:06:39","modified_gmt":"2015-01-26T05:06:39","slug":"armstrong-nuevo-encuentro-literario-palabras-callejeras","status":"publish","type":"post","link":"https:\/\/armstrongyregion.com.ar\/diario\/armstrong-nuevo-encuentro-literario-palabras-callejeras\/","title":{"rendered":"Armstrong. Nuevo encuentro literario \u201cPalabras callejeras\u201d."},"content":{"rendered":"<p><a href=\"http:\/\/armstrongyregion.com.ar\/diario\/wp-content\/uploads\/2015\/01\/1511006_789580767789339_2477840840018336932_n.jpg\"><img loading=\"lazy\" decoding=\"async\" class=\"alignnone size-medium wp-image-587\" src=\"http:\/\/armstrongyregion.com.ar\/diario\/wp-content\/uploads\/2015\/01\/1511006_789580767789339_2477840840018336932_n-300x197.jpg\" alt=\"palabras callejeras armstrong region\" width=\"300\" height=\"197\" srcset=\"https:\/\/armstrongyregion.com.ar\/diario\/wp-content\/uploads\/2015\/01\/1511006_789580767789339_2477840840018336932_n-300x197.jpg 300w, https:\/\/armstrongyregion.com.ar\/diario\/wp-content\/uploads\/2015\/01\/1511006_789580767789339_2477840840018336932_n.jpg 761w\" sizes=\"auto, (max-width: 300px) 100vw, 300px\" \/><\/a>Tuvo como sede la Plaza Flotron, Stella Micelli, explic\u00f3 porque eligieron ese lugar para la muestra.<br \/>\n\u201cElegimos este lugar porque consideramos que todas las plazas son el espacio para habilitarlas en esta modalidad de presentar la poes\u00eda. Cada plaza tiene su gente, esta es muy transitada ya que est\u00e1 en una avenida muy importante de Armstrong, hay mucha juventud y los chicos que est\u00e1n por aqu\u00ed creemos que en alg\u00fan momento se pueden acercar a leer y que la gente pasa y observa. Estamos contentas con este itinerario que hemos elegido.\u201d<br \/>\nTambi\u00e9n destac\u00f3 que: \u201cEste viaje va a tener una finalizaci\u00f3n el 20 de febrero en la Plaza Perez Esquivel y pensamos en esa ocasi\u00f3n hacer una presentaci\u00f3n de los poemas a trav\u00e9s de la lectura.\u201d<br \/>\nConsultada sobre su apreciaci\u00f3n como docente sobre la repercusi\u00f3n que ha tenido este taller respondi\u00f3: \u201cCreo que este taller si bien se inicio a finales del a\u00f1o pasado con esta propuesta, sali\u00f3 a la calle y tuvo esta repercusi\u00f3n tan positiva, seg\u00fan mi opini\u00f3n, est\u00e1 llenando un hueco de una necesidad que hay en la ciudad, que tiene que ver con eventos culturales, que tiene que ver con la poes\u00eda y con los canales de expresi\u00f3n, por supuesto a trav\u00e9s de la palabra po\u00e9tica.\u201d<br \/>\nM\u00e1s adelante remarc\u00f3: \u201cEs un veh\u00edculo que a trav\u00e9s de lo est\u00e9tico nos habilita a pensarnos como sociedad, a pensarnos como seres humanos, a pensarnos con la problem\u00e1tica individual que cada uno tiene.\u201d<\/p>\n","protected":false},"excerpt":{"rendered":"<p>Tuvo como sede la Plaza Flotron, Stella Micelli, explic\u00f3 porque eligieron ese lugar para la muestra. \u201cElegimos este lugar porque consideramos que todas las plazas son el espacio para habilitarlas en esta modalidad de presentar la poes\u00eda. Cada plaza tiene su gente, esta es muy transitada ya que est\u00e1 en una avenida muy importante de <a href=\"https:\/\/armstrongyregion.com.ar\/diario\/armstrong-nuevo-encuentro-literario-palabras-callejeras\/\" title=\"Read more\" >&#8230;<\/a><\/p>\n","protected":false},"author":2,"featured_media":587,"comment_status":"open","ping_status":"open","sticky":false,"template":"","format":"standard","meta":{"_jetpack_memberships_contains_paid_content":false,"footnotes":"","jetpack_publicize_message":"","jetpack_publicize_feature_enabled":true,"jetpack_social_post_already_shared":false,"jetpack_social_options":{"image_generator_settings":{"template":"highway","default_image_id":0,"enabled":false},"version":2}},"categories":[6,1,2],"tags":[575,20,576,63,375,51],"class_list":["post-586","post","type-post","status-publish","format-standard","has-post-thumbnail","hentry","category-cultura-entretenimiento","category-diario-armstrong","category-locales","tag-palabras","tag-armstrong","tag-callejeras","tag-encuentro","tag-literario","tag-nuevo"],"jetpack_publicize_connections":[],"jetpack_featured_media_url":"https:\/\/armstrongyregion.com.ar\/diario\/wp-content\/uploads\/2015\/01\/1511006_789580767789339_2477840840018336932_n.jpg","jetpack_shortlink":"https:\/\/wp.me\/p62QDO-9s","jetpack_sharing_enabled":true,"amp_enabled":true,"_links":{"self":[{"href":"https:\/\/armstrongyregion.com.ar\/diario\/wp-json\/wp\/v2\/posts\/586","targetHints":{"allow":["GET"]}}],"collection":[{"href":"https:\/\/armstrongyregion.com.ar\/diario\/wp-json\/wp\/v2\/posts"}],"about":[{"href":"https:\/\/armstrongyregion.com.ar\/diario\/wp-json\/wp\/v2\/types\/post"}],"author":[{"embeddable":true,"href":"https:\/\/armstrongyregion.com.ar\/diario\/wp-json\/wp\/v2\/users\/2"}],"replies":[{"embeddable":true,"href":"https:\/\/armstrongyregion.com.ar\/diario\/wp-json\/wp\/v2\/comments?post=586"}],"version-history":[{"count":0,"href":"https:\/\/armstrongyregion.com.ar\/diario\/wp-json\/wp\/v2\/posts\/586\/revisions"}],"wp:featuredmedia":[{"embeddable":true,"href":"https:\/\/armstrongyregion.com.ar\/diario\/wp-json\/wp\/v2\/media\/587"}],"wp:attachment":[{"href":"https:\/\/armstrongyregion.com.ar\/diario\/wp-json\/wp\/v2\/media?parent=586"}],"wp:term":[{"taxonomy":"category","embeddable":true,"href":"https:\/\/armstrongyregion.com.ar\/diario\/wp-json\/wp\/v2\/categories?post=586"},{"taxonomy":"post_tag","embeddable":true,"href":"https:\/\/armstrongyregion.com.ar\/diario\/wp-json\/wp\/v2\/tags?post=586"}],"curies":[{"name":"wp","href":"https:\/\/api.w.org\/{rel}","templated":true}]}}