{"id":5798,"date":"2016-01-11T22:10:59","date_gmt":"2016-01-11T22:10:59","guid":{"rendered":"https:\/\/armstrongyregion.com.ar\/diario\/?p=5798"},"modified":"2016-01-11T22:10:59","modified_gmt":"2016-01-11T22:10:59","slug":"dirigentes-del-fpv-santafesino-repudiaron-el-despido-de-victor-hugo-morales","status":"publish","type":"post","link":"https:\/\/armstrongyregion.com.ar\/diario\/dirigentes-del-fpv-santafesino-repudiaron-el-despido-de-victor-hugo-morales\/","title":{"rendered":"Dirigentes del FPV santafesino repudiaron el despido de V\u00edctor Hugo Morales."},"content":{"rendered":"<p><a href=\"http:\/\/armstrongyregion.com.ar\/diario\/wp-content\/uploads\/2016\/01\/VHM..jpg\"><img loading=\"lazy\" decoding=\"async\" class=\"alignnone size-medium wp-image-5799\" src=\"http:\/\/armstrongyregion.com.ar\/diario\/wp-content\/uploads\/2016\/01\/VHM.-300x169.jpg\" alt=\"VHM.\" width=\"300\" height=\"169\" srcset=\"https:\/\/armstrongyregion.com.ar\/diario\/wp-content\/uploads\/2016\/01\/VHM.-300x169.jpg 300w, https:\/\/armstrongyregion.com.ar\/diario\/wp-content\/uploads\/2016\/01\/VHM.-1024x576.jpg 1024w, https:\/\/armstrongyregion.com.ar\/diario\/wp-content\/uploads\/2016\/01\/VHM.-900x506.jpg 900w, https:\/\/armstrongyregion.com.ar\/diario\/wp-content\/uploads\/2016\/01\/VHM..jpg 1170w\" sizes=\"auto, (max-width: 300px) 100vw, 300px\" \/><\/a>\u201cQuieren impunidad medi\u00e1tica para someter a los trabajadores\u201d<\/p>\n<p>\u201cLo que quieren es impunidad medi\u00e1tica para desplegar un proyecto de exclusi\u00f3n, para someter a los trabajadores y quitarnos las conquistas que logramos con N\u00e9stor y Cristina\u201d, dijo hoy Marcos Cleri, al repudiar junto con legisladores nacionales, provinciales y del Mercosur del Frente para la Victoria el despido de Radio Continental del periodista V\u00edctor Hugo Morales.<br \/>\n\u201cCuando se ataca a un trabajador de la prensa no s\u00f3lo se est\u00e1n atacando derechos laborales. Tambi\u00e9n se atenta contra los derechos a la informaci\u00f3n y la libertad de expresi\u00f3n de los trabajadores de todos los rubros, de todo el pueblo argentino\u201d, subray\u00f3 Marcos Cleri, diputado nacional del bloque del Frente para la Victoria, al tiempo que expres\u00f3 su \u201csolidaridad con un periodista como V\u00edctor Hugo Morales, que supo ganarse el cari\u00f1o popular por su gran capacidad y su coherencia\u201d.<br \/>\nEl parlamentario del Mercosur Diego Mansilla, en tanto, repudi\u00f3 \u201cel nuevo ataque a la libertad de expresi\u00f3n por parte de un gobierno nacional que con su manejo de los medios p\u00fablicos y su presi\u00f3n a los medios privados est\u00e1 coartando derechos b\u00e1sicos de la poblaci\u00f3n\u201d.<br \/>\n\u201cPese a que en la campa\u00f1a hab\u00eda dicho todo lo contrario, otra vez Mauricio Macri embiste contra la democracia. Lo viene haciendo con decretos inconstitucionales y autoritarios y lo repite ordenando silenciar las voces que se oponen a sus pol\u00edticas\u201d, remarc\u00f3 Mansilla.<br \/>\nTambi\u00e9n expresaron su repudio al despido y su apoyo a V\u00edctor Hugo Morales la senadora nacional Mar\u00eda de los \u00c1ngeles Sacnun, la diputada nacional Josefina Gonz\u00e1lez, el senador provincial Guillermo Cornaglia y el diputado provincial Germ\u00e1n Bacarella.<\/p>\n","protected":false},"excerpt":{"rendered":"<p>\u201cQuieren impunidad medi\u00e1tica para someter a los trabajadores\u201d \u201cLo que quieren es impunidad medi\u00e1tica para desplegar un proyecto de exclusi\u00f3n, para someter a los trabajadores y quitarnos las conquistas que logramos con N\u00e9stor y Cristina\u201d, dijo hoy Marcos Cleri, al repudiar junto con legisladores nacionales, provinciales y del Mercosur del Frente para la Victoria el <a href=\"https:\/\/armstrongyregion.com.ar\/diario\/dirigentes-del-fpv-santafesino-repudiaron-el-despido-de-victor-hugo-morales\/\" title=\"Read more\" >&#8230;<\/a><\/p>\n","protected":false},"author":2,"featured_media":5799,"comment_status":"open","ping_status":"open","sticky":false,"template":"","format":"standard","meta":{"_jetpack_memberships_contains_paid_content":false,"footnotes":"","jetpack_publicize_message":"","jetpack_publicize_feature_enabled":true,"jetpack_social_post_already_shared":false,"jetpack_social_options":{"image_generator_settings":{"template":"highway","default_image_id":0,"enabled":false},"version":2}},"categories":[1,2819,2,7,3],"tags":[3353,646,3352,2077],"class_list":["post-5798","post","type-post","status-publish","format-standard","has-post-thumbnail","hentry","category-diario-armstrong","category-el-pais","category-locales","category-politica","category-region","tag-despedido","tag-hugo","tag-morales","tag-victor"],"jetpack_publicize_connections":[],"jetpack_featured_media_url":"https:\/\/armstrongyregion.com.ar\/diario\/wp-content\/uploads\/2016\/01\/VHM..jpg","jetpack_shortlink":"https:\/\/wp.me\/p62QDO-1vw","jetpack_sharing_enabled":true,"amp_enabled":true,"_links":{"self":[{"href":"https:\/\/armstrongyregion.com.ar\/diario\/wp-json\/wp\/v2\/posts\/5798","targetHints":{"allow":["GET"]}}],"collection":[{"href":"https:\/\/armstrongyregion.com.ar\/diario\/wp-json\/wp\/v2\/posts"}],"about":[{"href":"https:\/\/armstrongyregion.com.ar\/diario\/wp-json\/wp\/v2\/types\/post"}],"author":[{"embeddable":true,"href":"https:\/\/armstrongyregion.com.ar\/diario\/wp-json\/wp\/v2\/users\/2"}],"replies":[{"embeddable":true,"href":"https:\/\/armstrongyregion.com.ar\/diario\/wp-json\/wp\/v2\/comments?post=5798"}],"version-history":[{"count":0,"href":"https:\/\/armstrongyregion.com.ar\/diario\/wp-json\/wp\/v2\/posts\/5798\/revisions"}],"wp:featuredmedia":[{"embeddable":true,"href":"https:\/\/armstrongyregion.com.ar\/diario\/wp-json\/wp\/v2\/media\/5799"}],"wp:attachment":[{"href":"https:\/\/armstrongyregion.com.ar\/diario\/wp-json\/wp\/v2\/media?parent=5798"}],"wp:term":[{"taxonomy":"category","embeddable":true,"href":"https:\/\/armstrongyregion.com.ar\/diario\/wp-json\/wp\/v2\/categories?post=5798"},{"taxonomy":"post_tag","embeddable":true,"href":"https:\/\/armstrongyregion.com.ar\/diario\/wp-json\/wp\/v2\/tags?post=5798"}],"curies":[{"name":"wp","href":"https:\/\/api.w.org\/{rel}","templated":true}]}}