{"id":5780,"date":"2016-01-11T13:02:47","date_gmt":"2016-01-11T13:02:47","guid":{"rendered":"https:\/\/armstrongyregion.com.ar\/diario\/?p=5780"},"modified":"2016-01-11T13:02:47","modified_gmt":"2016-01-11T13:02:47","slug":"armstrong-sabores-y-colores-locales","status":"publish","type":"post","link":"https:\/\/armstrongyregion.com.ar\/diario\/armstrong-sabores-y-colores-locales\/","title":{"rendered":"Armstrong. Sabores y Colores Locales."},"content":{"rendered":"<div class=\"jsn-article-content\">\n<p><a href=\"http:\/\/armstrongyregion.com.ar\/diario\/wp-content\/uploads\/2016\/01\/coloresysabores.jpg\"><img loading=\"lazy\" decoding=\"async\" class=\"alignnone size-medium wp-image-5781\" src=\"http:\/\/armstrongyregion.com.ar\/diario\/wp-content\/uploads\/2016\/01\/coloresysabores-300x181.jpg\" alt=\"coloresysabores\" width=\"300\" height=\"181\" srcset=\"https:\/\/armstrongyregion.com.ar\/diario\/wp-content\/uploads\/2016\/01\/coloresysabores-300x181.jpg 300w, https:\/\/armstrongyregion.com.ar\/diario\/wp-content\/uploads\/2016\/01\/coloresysabores-1024x617.jpg 1024w, https:\/\/armstrongyregion.com.ar\/diario\/wp-content\/uploads\/2016\/01\/coloresysabores-900x542.jpg 900w, https:\/\/armstrongyregion.com.ar\/diario\/wp-content\/uploads\/2016\/01\/coloresysabores.jpg 1702w\" sizes=\"auto, (max-width: 300px) 100vw, 300px\" \/><\/a>La Municipalidad de Armstrong informa que se encuentra abierta la inscripci\u00f3n para feriantes y microemprendedores que deseen participar de Sabores y Colores Locales durante el transcurso del a\u00f1o.<\/p>\n<p>Los interesados podr\u00e1n inscribirse en la Secretar\u00eda de Desarrollo Econ\u00f3mico y Productivo, de lunes a viernes de 7 a 13 hs, en Facebook: Sabores y colores Armstrong, o llamar al 03471-15570096 (Brenda Carmona), hasta el viernes 4 de marzo.<\/p>\n<p>Asimismo, el d\u00eda martes 2 de febrero a las 20:30 hs. en el sal\u00f3n auditorio Delmo Dar\u00f3 se realizar\u00e1 una reuni\u00f3n informativa para organizar el trabajo del a\u00f1o que comenzar\u00e1 en los festejos de carnavales. Quedan todos invitados.<\/p>\n<\/div>\n<p><span class=\"article_separator\">\u00a0<\/span><\/p>\n","protected":false},"excerpt":{"rendered":"<p>La Municipalidad de Armstrong informa que se encuentra abierta la inscripci\u00f3n para feriantes y microemprendedores que deseen participar de Sabores y Colores Locales durante el transcurso del a\u00f1o. Los interesados podr\u00e1n inscribirse en la Secretar\u00eda de Desarrollo Econ\u00f3mico y Productivo, de lunes a viernes de 7 a 13 hs, en Facebook: Sabores y colores Armstrong, <a href=\"https:\/\/armstrongyregion.com.ar\/diario\/armstrong-sabores-y-colores-locales\/\" title=\"Read more\" >&#8230;<\/a><\/p>\n","protected":false},"author":2,"featured_media":5781,"comment_status":"open","ping_status":"open","sticky":false,"template":"","format":"standard","meta":{"_jetpack_memberships_contains_paid_content":false,"footnotes":"","jetpack_publicize_message":"","jetpack_publicize_feature_enabled":true,"jetpack_social_post_already_shared":false,"jetpack_social_options":{"image_generator_settings":{"template":"highway","default_image_id":0,"enabled":false},"version":2}},"categories":[6,1,2,3],"tags":[20,1336,2320,1335,13],"class_list":["post-5780","post","type-post","status-publish","format-standard","has-post-thumbnail","hentry","category-cultura-entretenimiento","category-diario-armstrong","category-locales","category-region","tag-armstrong","tag-colores","tag-locales","tag-sabores","tag-y"],"jetpack_publicize_connections":[],"jetpack_featured_media_url":"https:\/\/armstrongyregion.com.ar\/diario\/wp-content\/uploads\/2016\/01\/coloresysabores.jpg","jetpack_shortlink":"https:\/\/wp.me\/p62QDO-1ve","jetpack_sharing_enabled":true,"amp_enabled":true,"_links":{"self":[{"href":"https:\/\/armstrongyregion.com.ar\/diario\/wp-json\/wp\/v2\/posts\/5780","targetHints":{"allow":["GET"]}}],"collection":[{"href":"https:\/\/armstrongyregion.com.ar\/diario\/wp-json\/wp\/v2\/posts"}],"about":[{"href":"https:\/\/armstrongyregion.com.ar\/diario\/wp-json\/wp\/v2\/types\/post"}],"author":[{"embeddable":true,"href":"https:\/\/armstrongyregion.com.ar\/diario\/wp-json\/wp\/v2\/users\/2"}],"replies":[{"embeddable":true,"href":"https:\/\/armstrongyregion.com.ar\/diario\/wp-json\/wp\/v2\/comments?post=5780"}],"version-history":[{"count":0,"href":"https:\/\/armstrongyregion.com.ar\/diario\/wp-json\/wp\/v2\/posts\/5780\/revisions"}],"wp:featuredmedia":[{"embeddable":true,"href":"https:\/\/armstrongyregion.com.ar\/diario\/wp-json\/wp\/v2\/media\/5781"}],"wp:attachment":[{"href":"https:\/\/armstrongyregion.com.ar\/diario\/wp-json\/wp\/v2\/media?parent=5780"}],"wp:term":[{"taxonomy":"category","embeddable":true,"href":"https:\/\/armstrongyregion.com.ar\/diario\/wp-json\/wp\/v2\/categories?post=5780"},{"taxonomy":"post_tag","embeddable":true,"href":"https:\/\/armstrongyregion.com.ar\/diario\/wp-json\/wp\/v2\/tags?post=5780"}],"curies":[{"name":"wp","href":"https:\/\/api.w.org\/{rel}","templated":true}]}}