{"id":5777,"date":"2016-01-10T01:18:59","date_gmt":"2016-01-10T01:18:59","guid":{"rendered":"https:\/\/armstrongyregion.com.ar\/diario\/?p=5777"},"modified":"2016-01-10T01:18:59","modified_gmt":"2016-01-10T01:18:59","slug":"el-poder-dentro-de-ti-por-elizabeth-santangelo","status":"publish","type":"post","link":"https:\/\/armstrongyregion.com.ar\/diario\/el-poder-dentro-de-ti-por-elizabeth-santangelo\/","title":{"rendered":"El poder: \u00bfdentro de ti? Por Elizabeth Sant\u00e1ngelo."},"content":{"rendered":"<p><a href=\"http:\/\/armstrongyregion.com.ar\/diario\/wp-content\/uploads\/2016\/01\/Malala-01-790x474.jpg\"><img loading=\"lazy\" decoding=\"async\" class=\"alignnone size-medium wp-image-5778\" src=\"http:\/\/armstrongyregion.com.ar\/diario\/wp-content\/uploads\/2016\/01\/Malala-01-790x474-300x180.jpg\" alt=\"Malala\" width=\"300\" height=\"180\" srcset=\"https:\/\/armstrongyregion.com.ar\/diario\/wp-content\/uploads\/2016\/01\/Malala-01-790x474-300x180.jpg 300w, https:\/\/armstrongyregion.com.ar\/diario\/wp-content\/uploads\/2016\/01\/Malala-01-790x474.jpg 768w\" sizes=\"auto, (max-width: 300px) 100vw, 300px\" \/><\/a>Aunque es muy importante conocer el significado del t\u00e9rmino poder, tambi\u00e9n lo es el hecho de saber a ciencia cierta d\u00f3nde se encuentra el origen etimol\u00f3gico de la misma. Y tenemos que decir que este se halla en el lat\u00edn vulgar y m\u00e1s concretamente en el concepto posere. Vendr\u00eda a traducirse como \u201cser posible\u201d o \u201cser capaz de\u201d.<\/p>\n<p>Esta palabra, se utiliza para describir la facultad, habilidad, capacidad o autorizaci\u00f3n para llevar a cabo una determinada acci\u00f3n. El poder implica tambi\u00e9n poseer mayor fortaleza corporal e intelectual en relaci\u00f3n a otro individuo.<br \/>\nEn nuestros d\u00edas, tenemos el ejemplo de Malala Yousafzai nacida en Mingora, Pakist\u00e1n, una estudiante, activista y bloguera.<br \/>\nGanadora del Premio Nobel de la Paz en 2014; a sus 17 a\u00f1os, es la persona m\u00e1s joven galardonada con ese premio en cualquier categor\u00eda.<br \/>\nEsta joven promueve el derecho a la educaci\u00f3n de ni\u00f1as y adolescentes.<br \/>\nElla no utiliza ning\u00fan poder coercitivo, no utiliza armas, ni defiende esos derechos con violencia o imponiendo su voluntad bajo amenaza.<br \/>\nSolo promueve la acci\u00f3n y normal desarrollo del bien.<br \/>\n\u201cEl mundo adopt\u00f3 a Malala. Ella nos recuerda que la educaci\u00f3n tiene un poder transformador, especialmente para los 31 millones de ni\u00f1as en edad escolar que, seg\u00fan Unicef, no van a la escuela en todo el mundo.<br \/>\nTambi\u00e9n es importante que sea un faro de esperanza, un recordatorio de que el esp\u00edritu humano contiene posibilidades inmensas, calidez, humildad y la capacidad de perdonar\u201d (extractado de CNN M\u00e9xico, por John D. Sutter).<br \/>\nEs bueno recordar que ella misma fue v\u00edctima del ataque de un grupo de talibanes que se opon\u00edan al ejercicio de esos derechos, pues yendo a la escuela en el mismo autob\u00fas recibi\u00f3 una herida de gravedad (un balazo en el lado izquierdo de su cabeza).<br \/>\nLos m\u00e9dicos no dieron esperanza de vida, pero sin embargo a trav\u00e9s de la confianza en el poder de Dios logr\u00f3 sobrevivir, recibiendo apoyo no solo del cuerpo m\u00e9dico sino tambi\u00e9n a trav\u00e9s del poder de la oraci\u00f3n de muchos.<br \/>\nCada vez que hacemos uso de un derecho, mientras se haga con aut\u00e9ntica humildad, nadie puede ser perjudicado, ni nadie puede perjudicar, alterando el orden y la paz social.<br \/>\nMientras que una personalidad basada en el ego y la soberbia avasallante, quiz\u00e1s caiga en la idolatr\u00eda y la violencia.<br \/>\nReconocer que somos instrumentos para el bien, hace que cada ma\u00f1ana sea la oportunidad de conectarnos con la fuente de nuestro ser genuino, alejados del yo humano y controversial.<br \/>\nGeneralmente, se ora por un problema o un cambio en una determinada situaci\u00f3n, pero esa conexi\u00f3n va m\u00e1s all\u00e1 de un simple recurso para la soluci\u00f3n de un conflicto.<br \/>\nEl libro Ciencia y Salud habla de cuatro elementos que nos ayudan a elevarnos y a encontrar respuestas a cada necesidad humana: \u201cLa oraci\u00f3n, la vigilancia y el trabajo, combinados con la inmolaci\u00f3n del yo, son los medios de la gracia de Dios para lograr todo lo que ha sido hecho con \u00e9xito para la cristianizaci\u00f3n y la salud del g\u00e9nero humano\u201d.<br \/>\nSi, alejados de celulares, de pensamientos vac\u00edos o llenos de preocupaci\u00f3n, comenzamos el d\u00eda con la oraci\u00f3n, agradeciendo por la vida y por el bien divino, esta actitud nos colma de esperanza y de fortaleza interior.<br \/>\nEste es un ejercicio eficaz, porque al empezar el d\u00eda de esta manera, estamos defendiendo nuestra salud mental, la armon\u00eda interior, donde ni voluntad propia o incertidumbre podr\u00e1n interferir con los resultados de esa oraci\u00f3n.<br \/>\nOrar as\u00ed, es un regalo maravilloso para comenzar y continuar el d\u00eda. Participemos activamente de esta oportunidad con sincera alegr\u00eda.<\/p>\n<p>Elizabeth se desempe\u00f1a como Comit\u00e9 de Publicaci\u00f3n de la Ciencia Cristiana, en Argentina &#8211; Twitter: @elisantangelo1<\/p>\n","protected":false},"excerpt":{"rendered":"<p>Aunque es muy importante conocer el significado del t\u00e9rmino poder, tambi\u00e9n lo es el hecho de saber a ciencia cierta d\u00f3nde se encuentra el origen etimol\u00f3gico de la misma. Y tenemos que decir que este se halla en el lat\u00edn vulgar y m\u00e1s concretamente en el concepto posere. Vendr\u00eda a traducirse como \u201cser posible\u201d o <a href=\"https:\/\/armstrongyregion.com.ar\/diario\/el-poder-dentro-de-ti-por-elizabeth-santangelo\/\" title=\"Read more\" >&#8230;<\/a><\/p>\n","protected":false},"author":2,"featured_media":5778,"comment_status":"open","ping_status":"open","sticky":false,"template":"","format":"standard","meta":{"_jetpack_memberships_contains_paid_content":false,"footnotes":"","jetpack_publicize_message":"","jetpack_publicize_feature_enabled":true,"jetpack_social_post_already_shared":false,"jetpack_social_options":{"image_generator_settings":{"template":"highway","default_image_id":0,"enabled":false},"version":2}},"categories":[1,2819,4,3],"tags":[19,2023,16,1544,2039],"class_list":["post-5777","post","type-post","status-publish","format-standard","has-post-thumbnail","hentry","category-diario-armstrong","category-el-pais","category-prevencion-salud","category-region","tag-de","tag-dentro","tag-el","tag-poder","tag-ti"],"jetpack_publicize_connections":[],"jetpack_featured_media_url":"https:\/\/armstrongyregion.com.ar\/diario\/wp-content\/uploads\/2016\/01\/Malala-01-790x474.jpg","jetpack_shortlink":"https:\/\/wp.me\/p62QDO-1vb","jetpack_sharing_enabled":true,"amp_enabled":true,"_links":{"self":[{"href":"https:\/\/armstrongyregion.com.ar\/diario\/wp-json\/wp\/v2\/posts\/5777","targetHints":{"allow":["GET"]}}],"collection":[{"href":"https:\/\/armstrongyregion.com.ar\/diario\/wp-json\/wp\/v2\/posts"}],"about":[{"href":"https:\/\/armstrongyregion.com.ar\/diario\/wp-json\/wp\/v2\/types\/post"}],"author":[{"embeddable":true,"href":"https:\/\/armstrongyregion.com.ar\/diario\/wp-json\/wp\/v2\/users\/2"}],"replies":[{"embeddable":true,"href":"https:\/\/armstrongyregion.com.ar\/diario\/wp-json\/wp\/v2\/comments?post=5777"}],"version-history":[{"count":0,"href":"https:\/\/armstrongyregion.com.ar\/diario\/wp-json\/wp\/v2\/posts\/5777\/revisions"}],"wp:featuredmedia":[{"embeddable":true,"href":"https:\/\/armstrongyregion.com.ar\/diario\/wp-json\/wp\/v2\/media\/5778"}],"wp:attachment":[{"href":"https:\/\/armstrongyregion.com.ar\/diario\/wp-json\/wp\/v2\/media?parent=5777"}],"wp:term":[{"taxonomy":"category","embeddable":true,"href":"https:\/\/armstrongyregion.com.ar\/diario\/wp-json\/wp\/v2\/categories?post=5777"},{"taxonomy":"post_tag","embeddable":true,"href":"https:\/\/armstrongyregion.com.ar\/diario\/wp-json\/wp\/v2\/tags?post=5777"}],"curies":[{"name":"wp","href":"https:\/\/api.w.org\/{rel}","templated":true}]}}