{"id":5745,"date":"2016-01-06T11:53:44","date_gmt":"2016-01-06T11:53:44","guid":{"rendered":"https:\/\/armstrongyregion.com.ar\/diario\/?p=5745"},"modified":"2016-01-06T11:53:44","modified_gmt":"2016-01-06T11:53:44","slug":"peteco-carabajal-cerrara-la-29-edicion-de-las-tres-lunas","status":"publish","type":"post","link":"https:\/\/armstrongyregion.com.ar\/diario\/peteco-carabajal-cerrara-la-29-edicion-de-las-tres-lunas\/","title":{"rendered":"Peteco Carabajal cerrar\u00e1 la 29\u00b0 Edici\u00f3n de Las Tres Lunas."},"content":{"rendered":"<p><a href=\"http:\/\/armstrongyregion.com.ar\/diario\/wp-content\/uploads\/2016\/01\/TRES-LUNAS-2016-web.jpg\"><img loading=\"lazy\" decoding=\"async\" class=\"alignnone size-medium wp-image-5746\" src=\"http:\/\/armstrongyregion.com.ar\/diario\/wp-content\/uploads\/2016\/01\/TRES-LUNAS-2016-web-300x210.jpg\" alt=\"TRES LUNAS 2016 web\" width=\"300\" height=\"210\" srcset=\"https:\/\/armstrongyregion.com.ar\/diario\/wp-content\/uploads\/2016\/01\/TRES-LUNAS-2016-web-300x210.jpg 300w, https:\/\/armstrongyregion.com.ar\/diario\/wp-content\/uploads\/2016\/01\/TRES-LUNAS-2016-web.jpg 768w\" sizes=\"auto, (max-width: 300px) 100vw, 300px\" \/><\/a>El festival comenzar\u00e1 el viernes 5 de febrero con la presentaci\u00f3n de \u201cSexteto Milonguero\u201d, mientras que el s\u00e1bado estar\u00e1n sobre el escenario<br \/>\n\u201cLas voces de Gerardo L\u00f3pez\u201d.<\/p>\n<p>Del 5 al 7 de febrero se realizar\u00e1 la 29\u00ba edici\u00f3n del Festival Las Tres Lunas de Ca\u00f1ada en el Polideportivo V\u00edctor y Agulino Carbonari y desde<br \/>\nla comisi\u00f3n organizadora ya anunciaron algunos de las artistas que estar\u00e1n presentes.<br \/>\nMientras este martes 5 de enero cierra la convocatoria de artistas locales y zonales, el secretario de Gobierno de la Municipalidad y<br \/>\npresidente de la comisi\u00f3n Juan Carlos Tocalli confirm\u00f3 que el cierre del domingo estar\u00e1 a cargo de Peteco Carabajal, quien regresa nuevamente a<br \/>\nCa\u00f1ada de G\u00f3mez.<br \/>\nEn tanto el viernes 5 como n\u00famero destacado se presentar\u00e1 \u201cSexteto Milonguero\u201d y el s\u00e1bado 6 \u201cLas voces de Gerardo L\u00f3pez\u201d. \u201cLuego del<br \/>\ncierre de la convocatoria se realizar\u00e1 la selecci\u00f3n de artistas para el resto de la programaci\u00f3n de las tres noches, siempre tendiendo prioridad<br \/>\nlos m\u00fasicos de nuestra ciudad que nos acompa\u00f1an a\u00f1o tras a\u00f1o\u201d, explic\u00f3 Tocalli.<\/p>\n","protected":false},"excerpt":{"rendered":"<p>El festival comenzar\u00e1 el viernes 5 de febrero con la presentaci\u00f3n de \u201cSexteto Milonguero\u201d, mientras que el s\u00e1bado estar\u00e1n sobre el escenario \u201cLas voces de Gerardo L\u00f3pez\u201d. Del 5 al 7 de febrero se realizar\u00e1 la 29\u00ba edici\u00f3n del Festival Las Tres Lunas de Ca\u00f1ada en el Polideportivo V\u00edctor y Agulino Carbonari y desde la <a href=\"https:\/\/armstrongyregion.com.ar\/diario\/peteco-carabajal-cerrara-la-29-edicion-de-las-tres-lunas\/\" title=\"Read more\" >&#8230;<\/a><\/p>\n","protected":false},"author":2,"featured_media":5746,"comment_status":"open","ping_status":"open","sticky":false,"template":"","format":"standard","meta":{"_jetpack_memberships_contains_paid_content":false,"footnotes":"","jetpack_publicize_message":"","jetpack_publicize_feature_enabled":true,"jetpack_social_post_already_shared":false,"jetpack_social_options":{"image_generator_settings":{"template":"highway","default_image_id":0,"enabled":false},"version":2}},"categories":[6,1,2,3],"tags":[3344,335,3343,43],"class_list":["post-5745","post","type-post","status-publish","format-standard","has-post-thumbnail","hentry","category-cultura-entretenimiento","category-diario-armstrong","category-locales","category-region","tag-carabajal","tag-lunas","tag-peteco","tag-tres"],"jetpack_publicize_connections":[],"jetpack_featured_media_url":"https:\/\/armstrongyregion.com.ar\/diario\/wp-content\/uploads\/2016\/01\/TRES-LUNAS-2016-web.jpg","jetpack_shortlink":"https:\/\/wp.me\/p62QDO-1uF","jetpack_sharing_enabled":true,"amp_enabled":true,"_links":{"self":[{"href":"https:\/\/armstrongyregion.com.ar\/diario\/wp-json\/wp\/v2\/posts\/5745","targetHints":{"allow":["GET"]}}],"collection":[{"href":"https:\/\/armstrongyregion.com.ar\/diario\/wp-json\/wp\/v2\/posts"}],"about":[{"href":"https:\/\/armstrongyregion.com.ar\/diario\/wp-json\/wp\/v2\/types\/post"}],"author":[{"embeddable":true,"href":"https:\/\/armstrongyregion.com.ar\/diario\/wp-json\/wp\/v2\/users\/2"}],"replies":[{"embeddable":true,"href":"https:\/\/armstrongyregion.com.ar\/diario\/wp-json\/wp\/v2\/comments?post=5745"}],"version-history":[{"count":0,"href":"https:\/\/armstrongyregion.com.ar\/diario\/wp-json\/wp\/v2\/posts\/5745\/revisions"}],"wp:featuredmedia":[{"embeddable":true,"href":"https:\/\/armstrongyregion.com.ar\/diario\/wp-json\/wp\/v2\/media\/5746"}],"wp:attachment":[{"href":"https:\/\/armstrongyregion.com.ar\/diario\/wp-json\/wp\/v2\/media?parent=5745"}],"wp:term":[{"taxonomy":"category","embeddable":true,"href":"https:\/\/armstrongyregion.com.ar\/diario\/wp-json\/wp\/v2\/categories?post=5745"},{"taxonomy":"post_tag","embeddable":true,"href":"https:\/\/armstrongyregion.com.ar\/diario\/wp-json\/wp\/v2\/tags?post=5745"}],"curies":[{"name":"wp","href":"https:\/\/api.w.org\/{rel}","templated":true}]}}