{"id":5724,"date":"2016-01-03T23:38:57","date_gmt":"2016-01-03T23:38:57","guid":{"rendered":"https:\/\/armstrongyregion.com.ar\/diario\/?p=5724"},"modified":"2016-01-03T23:38:57","modified_gmt":"2016-01-03T23:38:57","slug":"alerta-meteorologica-para-sur-y-centro-de-santa-fe","status":"publish","type":"post","link":"https:\/\/armstrongyregion.com.ar\/diario\/alerta-meteorologica-para-sur-y-centro-de-santa-fe\/","title":{"rendered":"Alerta meteorol\u00f3gica para sur y centro de Santa Fe."},"content":{"rendered":"<p><a href=\"http:\/\/armstrongyregion.com.ar\/diario\/wp-content\/uploads\/2016\/01\/apfdigital_263494_tapa_21122015_183637.jpg\"><img loading=\"lazy\" decoding=\"async\" class=\"alignnone size-medium wp-image-5725\" src=\"http:\/\/armstrongyregion.com.ar\/diario\/wp-content\/uploads\/2016\/01\/apfdigital_263494_tapa_21122015_183637-300x180.jpg\" alt=\"alerta meteorologica\" width=\"300\" height=\"180\" srcset=\"https:\/\/armstrongyregion.com.ar\/diario\/wp-content\/uploads\/2016\/01\/apfdigital_263494_tapa_21122015_183637-300x180.jpg 300w, https:\/\/armstrongyregion.com.ar\/diario\/wp-content\/uploads\/2016\/01\/apfdigital_263494_tapa_21122015_183637.jpg 600w\" sizes=\"auto, (max-width: 300px) 100vw, 300px\" \/><\/a>Por la tarde, el servicio oficial emiti\u00f3 un aviso por la llegada de tormentas fuertes con abundantes lluvias, viento, actividad el\u00e9ctrica y ocasional ca\u00edda de granizo.<br \/>\nPintaba feo el domingo y por la tarde lleg\u00f3 el alerta. El Servicio Meteorol\u00f3gico Nacional (SMN) emiti\u00f3 un aviso sobre la llegada de tormentas fuertes a la regi\u00f3n. Al rato comenz\u00f3 a llover.<\/p>\n<p>El parte, de la hora 15.30 y con vigencia al menos hasta la noche, habla de \u201cabundante ca\u00edda de agua, r\u00e1fagas, actividad el\u00e9ctrica intensa y ca\u00edda de granizo\u201d.<\/p>\n<p>El \u00e1rea de cobertura comprende al sur y centro de Santa Fe; sur, centro y noroeste de Buenos Aires; C\u00f3rdoba; La Pampa; este de Mendoza; noreste de R\u00edo Negro; y San Luis.<\/p>\n<p>\u201cEl \u00e1rea de cobertura se encuentra bajo la influencia de una masa de aire h\u00famedo y muy inestable sobre la cual se desarrollan en forma intermitente tormentas algunas localmente fuertes\u201d, ampl\u00eda el alerta.<\/p>\n<p>A poco de emitido el parte, en Rosario y el sur santafesino comenz\u00f3 a llover. Se espera que al menos buena parte de la semana contin\u00fae con mal tiempo, seg\u00fan el pron\u00f3stico del SMN.<\/p>\n","protected":false},"excerpt":{"rendered":"<p>Por la tarde, el servicio oficial emiti\u00f3 un aviso por la llegada de tormentas fuertes con abundantes lluvias, viento, actividad el\u00e9ctrica y ocasional ca\u00edda de granizo. Pintaba feo el domingo y por la tarde lleg\u00f3 el alerta. El Servicio Meteorol\u00f3gico Nacional (SMN) emiti\u00f3 un aviso sobre la llegada de tormentas fuertes a la regi\u00f3n. Al <a href=\"https:\/\/armstrongyregion.com.ar\/diario\/alerta-meteorologica-para-sur-y-centro-de-santa-fe\/\" title=\"Read more\" >&#8230;<\/a><\/p>\n","protected":false},"author":2,"featured_media":5725,"comment_status":"open","ping_status":"open","sticky":false,"template":"","format":"standard","meta":{"_jetpack_memberships_contains_paid_content":false,"footnotes":"","jetpack_publicize_message":"","jetpack_publicize_feature_enabled":true,"jetpack_social_post_already_shared":false,"jetpack_social_options":{"image_generator_settings":{"template":"highway","default_image_id":0,"enabled":false},"version":2}},"categories":[1,2,3],"tags":[230,21,19,77,2935,399,954,13],"class_list":["post-5724","post","type-post","status-publish","format-standard","has-post-thumbnail","hentry","category-diario-armstrong","category-locales","category-region","tag-alerta","tag-centro","tag-de","tag-fe","tag-meteorologica","tag-santa","tag-sur","tag-y"],"jetpack_publicize_connections":[],"jetpack_featured_media_url":"https:\/\/armstrongyregion.com.ar\/diario\/wp-content\/uploads\/2016\/01\/apfdigital_263494_tapa_21122015_183637.jpg","jetpack_shortlink":"https:\/\/wp.me\/p62QDO-1uk","jetpack_sharing_enabled":true,"amp_enabled":true,"_links":{"self":[{"href":"https:\/\/armstrongyregion.com.ar\/diario\/wp-json\/wp\/v2\/posts\/5724","targetHints":{"allow":["GET"]}}],"collection":[{"href":"https:\/\/armstrongyregion.com.ar\/diario\/wp-json\/wp\/v2\/posts"}],"about":[{"href":"https:\/\/armstrongyregion.com.ar\/diario\/wp-json\/wp\/v2\/types\/post"}],"author":[{"embeddable":true,"href":"https:\/\/armstrongyregion.com.ar\/diario\/wp-json\/wp\/v2\/users\/2"}],"replies":[{"embeddable":true,"href":"https:\/\/armstrongyregion.com.ar\/diario\/wp-json\/wp\/v2\/comments?post=5724"}],"version-history":[{"count":0,"href":"https:\/\/armstrongyregion.com.ar\/diario\/wp-json\/wp\/v2\/posts\/5724\/revisions"}],"wp:featuredmedia":[{"embeddable":true,"href":"https:\/\/armstrongyregion.com.ar\/diario\/wp-json\/wp\/v2\/media\/5725"}],"wp:attachment":[{"href":"https:\/\/armstrongyregion.com.ar\/diario\/wp-json\/wp\/v2\/media?parent=5724"}],"wp:term":[{"taxonomy":"category","embeddable":true,"href":"https:\/\/armstrongyregion.com.ar\/diario\/wp-json\/wp\/v2\/categories?post=5724"},{"taxonomy":"post_tag","embeddable":true,"href":"https:\/\/armstrongyregion.com.ar\/diario\/wp-json\/wp\/v2\/tags?post=5724"}],"curies":[{"name":"wp","href":"https:\/\/api.w.org\/{rel}","templated":true}]}}