{"id":572,"date":"2015-01-24T11:17:10","date_gmt":"2015-01-24T11:17:10","guid":{"rendered":"https:\/\/armstrongyregion.com.ar\/diario\/?p=572"},"modified":"2015-01-24T11:17:10","modified_gmt":"2015-01-24T11:17:10","slug":"el-rural-bike-con-la-vuelta-de-la-canada-se-hara-presente-en-montes-de-oca","status":"publish","type":"post","link":"https:\/\/armstrongyregion.com.ar\/diario\/el-rural-bike-con-la-vuelta-de-la-canada-se-hara-presente-en-montes-de-oca\/","title":{"rendered":"El Rural Bike con la \u201cVuelta de la Ca\u00f1ada\u201d se har\u00e1 presente en Montes de Oca."},"content":{"rendered":"<p><a href=\"http:\/\/armstrongyregion.com.ar\/diario\/wp-content\/uploads\/2015\/01\/ALBERTO-CROSSETTI.jpg\"><img loading=\"lazy\" decoding=\"async\" class=\"alignnone size-medium wp-image-573\" src=\"http:\/\/armstrongyregion.com.ar\/diario\/wp-content\/uploads\/2015\/01\/ALBERTO-CROSSETTI-300x216.jpg\" alt=\"ALBERTO CROSSETTI\" width=\"300\" height=\"216\" srcset=\"https:\/\/armstrongyregion.com.ar\/diario\/wp-content\/uploads\/2015\/01\/ALBERTO-CROSSETTI-300x216.jpg 300w, https:\/\/armstrongyregion.com.ar\/diario\/wp-content\/uploads\/2015\/01\/ALBERTO-CROSSETTI.jpg 553w\" sizes=\"auto, (max-width: 300px) 100vw, 300px\" \/><\/a>Un grupo de ciclistas Monteoquinos que vienen compitiendo hace a\u00f1os se encuentran abocados a la organizaci\u00f3n del 3\u00ba evento de Rally Bike \u201cVuelta de la Ca\u00f1ada\u201d que se desarrollar\u00e1 en esa localidad el pr\u00f3ximo 17 de Mayo.<br \/>\nJorge Biciuffa y Paulo Ferrero, quienes son parte del grupo que emprendi\u00f3 el desaf\u00edo confirmaron que la fecha se encuentra reservada por la fiscalizadora \u201cVoz y Control del Pedal\u201d. Este grupo que ya ha organizado en dos oportunidades este evento, en esta ocasi\u00f3n llev\u00f3 una propuesta m\u00e1s ambiciosa al Senador departamental, Alberto Crossetti qui\u00e9n de inmediato se puso a disposici\u00f3n junto a los presidentes de las Asociaciones de Emprendedores de Montes de Oca y Bouquet los Sres. Juan Carlos Ferro y Nelson Almaraz. El aditamento de esta nueva competici\u00f3n es que un significativo trazado del circuito se realizar\u00e1 en los bordes del Canal San Antonio haciendo m\u00e1s atractivo el recorrido. Comprometiendo en esta ocasi\u00f3n al Atletic Club Montes de Oca en la organizaci\u00f3n de la competici\u00f3n por ser un a\u00f1o especial de la entidad deportiva local que en el corriente cumplir\u00e1 su cent\u00e9simo aniversario.<\/p>\n<p>El Senador Crossetti comprometi\u00f3 importante aporte para costos en la organizaci\u00f3n y apoyo en la demarcaci\u00f3n del circuito junto a las Asociaciones de Emprendedores locales de Montes de Oca y Bouquet.<\/p>\n<p>Juan Carlos Ferro se\u00f1al\u00f3 que \u201cla propuesta esta incluida en el convenio de cooperaci\u00f3n reciproca firmado en el mes de octubre en la localidad de Tortugas en el cual se buscan realizar intervenciones sobre los m\u00e1rgenes del Arroyo Tortugas \u2013 Canal San Antonio y se trabajar\u00e1 mancomunadamente con las entidades que participan de esta iniciativa\u201d.<\/p>\n","protected":false},"excerpt":{"rendered":"<p>Un grupo de ciclistas Monteoquinos que vienen compitiendo hace a\u00f1os se encuentran abocados a la organizaci\u00f3n del 3\u00ba evento de Rally Bike \u201cVuelta de la Ca\u00f1ada\u201d que se desarrollar\u00e1 en esa localidad el pr\u00f3ximo 17 de Mayo. Jorge Biciuffa y Paulo Ferrero, quienes son parte del grupo que emprendi\u00f3 el desaf\u00edo confirmaron que la fecha <a href=\"https:\/\/armstrongyregion.com.ar\/diario\/el-rural-bike-con-la-vuelta-de-la-canada-se-hara-presente-en-montes-de-oca\/\" title=\"Read more\" >&#8230;<\/a><\/p>\n","protected":false},"author":2,"featured_media":573,"comment_status":"open","ping_status":"open","sticky":false,"template":"","format":"standard","meta":{"_jetpack_memberships_contains_paid_content":false,"footnotes":"","jetpack_publicize_message":"","jetpack_publicize_feature_enabled":true,"jetpack_social_post_already_shared":false,"jetpack_social_options":{"image_generator_settings":{"template":"highway","default_image_id":0,"enabled":false},"version":2}},"categories":[5,1,3],"tags":[554,553,163,100,19,16,15,555,31,557,558,556,552,86],"class_list":["post-572","post","type-post","status-publish","format-standard","has-post-thumbnail","hentry","category-deportes","category-diario-armstrong","category-region","tag-vuelta","tag-bike","tag-canada","tag-con","tag-de","tag-el","tag-en","tag-hara","tag-la","tag-montes","tag-oca","tag-presente","tag-rural","tag-se"],"jetpack_publicize_connections":[],"jetpack_featured_media_url":"https:\/\/armstrongyregion.com.ar\/diario\/wp-content\/uploads\/2015\/01\/ALBERTO-CROSSETTI.jpg","jetpack_shortlink":"https:\/\/wp.me\/p62QDO-9e","jetpack_sharing_enabled":true,"amp_enabled":true,"_links":{"self":[{"href":"https:\/\/armstrongyregion.com.ar\/diario\/wp-json\/wp\/v2\/posts\/572","targetHints":{"allow":["GET"]}}],"collection":[{"href":"https:\/\/armstrongyregion.com.ar\/diario\/wp-json\/wp\/v2\/posts"}],"about":[{"href":"https:\/\/armstrongyregion.com.ar\/diario\/wp-json\/wp\/v2\/types\/post"}],"author":[{"embeddable":true,"href":"https:\/\/armstrongyregion.com.ar\/diario\/wp-json\/wp\/v2\/users\/2"}],"replies":[{"embeddable":true,"href":"https:\/\/armstrongyregion.com.ar\/diario\/wp-json\/wp\/v2\/comments?post=572"}],"version-history":[{"count":0,"href":"https:\/\/armstrongyregion.com.ar\/diario\/wp-json\/wp\/v2\/posts\/572\/revisions"}],"wp:featuredmedia":[{"embeddable":true,"href":"https:\/\/armstrongyregion.com.ar\/diario\/wp-json\/wp\/v2\/media\/573"}],"wp:attachment":[{"href":"https:\/\/armstrongyregion.com.ar\/diario\/wp-json\/wp\/v2\/media?parent=572"}],"wp:term":[{"taxonomy":"category","embeddable":true,"href":"https:\/\/armstrongyregion.com.ar\/diario\/wp-json\/wp\/v2\/categories?post=572"},{"taxonomy":"post_tag","embeddable":true,"href":"https:\/\/armstrongyregion.com.ar\/diario\/wp-json\/wp\/v2\/tags?post=572"}],"curies":[{"name":"wp","href":"https:\/\/api.w.org\/{rel}","templated":true}]}}