{"id":5715,"date":"2016-01-03T22:33:44","date_gmt":"2016-01-03T22:33:44","guid":{"rendered":"https:\/\/armstrongyregion.com.ar\/diario\/?p=5715"},"modified":"2016-01-03T22:33:44","modified_gmt":"2016-01-03T22:33:44","slug":"pablo-verdecchia-balance-y-proyectos","status":"publish","type":"post","link":"https:\/\/armstrongyregion.com.ar\/diario\/pablo-verdecchia-balance-y-proyectos\/","title":{"rendered":"Pablo Verdecchia, balance y proyectos."},"content":{"rendered":"<p><a href=\"http:\/\/armstrongyregion.com.ar\/diario\/wp-content\/uploads\/2016\/01\/Pablo-Verdecchia-.jpg\"><img loading=\"lazy\" decoding=\"async\" class=\"alignnone size-medium wp-image-5716\" src=\"http:\/\/armstrongyregion.com.ar\/diario\/wp-content\/uploads\/2016\/01\/Pablo-Verdecchia--300x194.jpg\" alt=\"Pablo-Verdecchia-\" width=\"300\" height=\"194\" srcset=\"https:\/\/armstrongyregion.com.ar\/diario\/wp-content\/uploads\/2016\/01\/Pablo-Verdecchia--300x194.jpg 300w, https:\/\/armstrongyregion.com.ar\/diario\/wp-content\/uploads\/2016\/01\/Pablo-Verdecchia-.jpg 768w\" sizes=\"auto, (max-width: 300px) 100vw, 300px\" \/><\/a><\/p>\n<p><iframe loading=\"lazy\" width=\"800\" height=\"600\" src=\"https:\/\/www.youtube.com\/embed\/MnjF8sUAkEs?feature=oembed\" frameborder=\"0\" allowfullscreen><\/iframe><\/p>\n<p>Quien transita su segundo mandato al frente de la municipalidad de Armstrong, Pablo Verdecchia dejar\u00e1 sus conceptos de este tiempo pol\u00edtico y el resto de su gesti\u00f3n con un gobierno nacional que tiene a la UCR como socio del PRO.<\/p>\n","protected":false},"excerpt":{"rendered":"<p>Quien transita su segundo mandato al frente de la municipalidad de Armstrong, Pablo Verdecchia dejar\u00e1 sus conceptos de este tiempo pol\u00edtico y el resto de su gesti\u00f3n con un gobierno nacional que tiene a la UCR como socio del PRO.<\/p>\n","protected":false},"author":2,"featured_media":5716,"comment_status":"open","ping_status":"open","sticky":false,"template":"","format":"standard","meta":{"_jetpack_memberships_contains_paid_content":false,"footnotes":"","jetpack_publicize_message":"","jetpack_publicize_feature_enabled":true,"jetpack_social_post_already_shared":false,"jetpack_social_options":{"image_generator_settings":{"template":"highway","default_image_id":0,"enabled":false},"version":2}},"categories":[8,1,2,7],"tags":[3331,1207,385,205],"class_list":["post-5715","post","type-post","status-publish","format-standard","has-post-thumbnail","hentry","category-deliberando","category-diario-armstrong","category-locales","category-politica","tag-balances","tag-pablo","tag-proyectos","tag-verdecchia"],"jetpack_publicize_connections":[],"jetpack_featured_media_url":"https:\/\/armstrongyregion.com.ar\/diario\/wp-content\/uploads\/2016\/01\/Pablo-Verdecchia-.jpg","jetpack_shortlink":"https:\/\/wp.me\/p62QDO-1ub","jetpack_sharing_enabled":true,"amp_enabled":true,"_links":{"self":[{"href":"https:\/\/armstrongyregion.com.ar\/diario\/wp-json\/wp\/v2\/posts\/5715","targetHints":{"allow":["GET"]}}],"collection":[{"href":"https:\/\/armstrongyregion.com.ar\/diario\/wp-json\/wp\/v2\/posts"}],"about":[{"href":"https:\/\/armstrongyregion.com.ar\/diario\/wp-json\/wp\/v2\/types\/post"}],"author":[{"embeddable":true,"href":"https:\/\/armstrongyregion.com.ar\/diario\/wp-json\/wp\/v2\/users\/2"}],"replies":[{"embeddable":true,"href":"https:\/\/armstrongyregion.com.ar\/diario\/wp-json\/wp\/v2\/comments?post=5715"}],"version-history":[{"count":0,"href":"https:\/\/armstrongyregion.com.ar\/diario\/wp-json\/wp\/v2\/posts\/5715\/revisions"}],"wp:featuredmedia":[{"embeddable":true,"href":"https:\/\/armstrongyregion.com.ar\/diario\/wp-json\/wp\/v2\/media\/5716"}],"wp:attachment":[{"href":"https:\/\/armstrongyregion.com.ar\/diario\/wp-json\/wp\/v2\/media?parent=5715"}],"wp:term":[{"taxonomy":"category","embeddable":true,"href":"https:\/\/armstrongyregion.com.ar\/diario\/wp-json\/wp\/v2\/categories?post=5715"},{"taxonomy":"post_tag","embeddable":true,"href":"https:\/\/armstrongyregion.com.ar\/diario\/wp-json\/wp\/v2\/tags?post=5715"}],"curies":[{"name":"wp","href":"https:\/\/api.w.org\/{rel}","templated":true}]}}