{"id":5708,"date":"2016-01-03T22:09:37","date_gmt":"2016-01-03T22:09:37","guid":{"rendered":"https:\/\/armstrongyregion.com.ar\/diario\/?p=5708"},"modified":"2016-01-03T22:09:37","modified_gmt":"2016-01-03T22:09:37","slug":"luis-sabena-presidente-comunal-de-bouquet","status":"publish","type":"post","link":"https:\/\/armstrongyregion.com.ar\/diario\/luis-sabena-presidente-comunal-de-bouquet\/","title":{"rendered":"Luis Sabena, Presidente Comunal de Bouquet."},"content":{"rendered":"<p><a href=\"http:\/\/armstrongyregion.com.ar\/diario\/wp-content\/uploads\/2016\/01\/Luis-Sabena.jpg\"><img loading=\"lazy\" decoding=\"async\" class=\"alignnone size-medium wp-image-5709\" src=\"http:\/\/armstrongyregion.com.ar\/diario\/wp-content\/uploads\/2016\/01\/Luis-Sabena-300x204.jpg\" alt=\"Luis Sabena\" width=\"300\" height=\"204\" srcset=\"https:\/\/armstrongyregion.com.ar\/diario\/wp-content\/uploads\/2016\/01\/Luis-Sabena-300x204.jpg 300w, https:\/\/armstrongyregion.com.ar\/diario\/wp-content\/uploads\/2016\/01\/Luis-Sabena.jpg 768w\" sizes=\"auto, (max-width: 300px) 100vw, 300px\" \/><\/a><\/p>\n<p><iframe loading=\"lazy\" width=\"800\" height=\"600\" src=\"https:\/\/www.youtube.com\/embed\/UsudOTriqpg?feature=oembed\" frameborder=\"0\" allowfullscreen><\/iframe><\/p>\n<p>Luis Sabena, presidente comunal recientemente asumido de Bouquet, hace un repaso de lo que es su funci\u00f3n ahora como jefe pol\u00edtico, como ser\u00e1 la continuidad de este equipo de trabajo y sus proyectos a concretar.<\/p>\n","protected":false},"excerpt":{"rendered":"<p>Luis Sabena, presidente comunal recientemente asumido de Bouquet, hace un repaso de lo que es su funci\u00f3n ahora como jefe pol\u00edtico, como ser\u00e1 la continuidad de este equipo de trabajo y sus proyectos a concretar.<\/p>\n","protected":false},"author":2,"featured_media":5709,"comment_status":"open","ping_status":"open","sticky":false,"template":"","format":"standard","meta":{"_jetpack_memberships_contains_paid_content":false,"footnotes":"","jetpack_publicize_message":"","jetpack_publicize_feature_enabled":true,"jetpack_social_post_already_shared":false,"jetpack_social_options":{"image_generator_settings":{"template":"highway","default_image_id":0,"enabled":false},"version":2}},"categories":[8,1,7],"tags":[229,2050,19,1377,1842,2114],"class_list":["post-5708","post","type-post","status-publish","format-standard","has-post-thumbnail","hentry","category-deliberando","category-diario-armstrong","category-politica","tag-bouquet","tag-comunal","tag-de","tag-luis","tag-pte","tag-sabena"],"jetpack_publicize_connections":[],"jetpack_featured_media_url":"https:\/\/armstrongyregion.com.ar\/diario\/wp-content\/uploads\/2016\/01\/Luis-Sabena.jpg","jetpack_shortlink":"https:\/\/wp.me\/p62QDO-1u4","jetpack_sharing_enabled":true,"amp_enabled":true,"_links":{"self":[{"href":"https:\/\/armstrongyregion.com.ar\/diario\/wp-json\/wp\/v2\/posts\/5708","targetHints":{"allow":["GET"]}}],"collection":[{"href":"https:\/\/armstrongyregion.com.ar\/diario\/wp-json\/wp\/v2\/posts"}],"about":[{"href":"https:\/\/armstrongyregion.com.ar\/diario\/wp-json\/wp\/v2\/types\/post"}],"author":[{"embeddable":true,"href":"https:\/\/armstrongyregion.com.ar\/diario\/wp-json\/wp\/v2\/users\/2"}],"replies":[{"embeddable":true,"href":"https:\/\/armstrongyregion.com.ar\/diario\/wp-json\/wp\/v2\/comments?post=5708"}],"version-history":[{"count":0,"href":"https:\/\/armstrongyregion.com.ar\/diario\/wp-json\/wp\/v2\/posts\/5708\/revisions"}],"wp:featuredmedia":[{"embeddable":true,"href":"https:\/\/armstrongyregion.com.ar\/diario\/wp-json\/wp\/v2\/media\/5709"}],"wp:attachment":[{"href":"https:\/\/armstrongyregion.com.ar\/diario\/wp-json\/wp\/v2\/media?parent=5708"}],"wp:term":[{"taxonomy":"category","embeddable":true,"href":"https:\/\/armstrongyregion.com.ar\/diario\/wp-json\/wp\/v2\/categories?post=5708"},{"taxonomy":"post_tag","embeddable":true,"href":"https:\/\/armstrongyregion.com.ar\/diario\/wp-json\/wp\/v2\/tags?post=5708"}],"curies":[{"name":"wp","href":"https:\/\/api.w.org\/{rel}","templated":true}]}}