{"id":5699,"date":"2016-01-02T01:58:34","date_gmt":"2016-01-02T01:58:34","guid":{"rendered":"https:\/\/armstrongyregion.com.ar\/diario\/?p=5699"},"modified":"2016-01-02T01:58:34","modified_gmt":"2016-01-02T01:58:34","slug":"los-pasajeros-de-sol-viajarian-hoy-a-las-20-a-punta-del-este-reprogramaron-el-vuelo","status":"publish","type":"post","link":"https:\/\/armstrongyregion.com.ar\/diario\/los-pasajeros-de-sol-viajarian-hoy-a-las-20-a-punta-del-este-reprogramaron-el-vuelo\/","title":{"rendered":"Los pasajeros de Sol viajar\u00edan hoy a las 20 a Punta del Este, reprogramaron el vuelo."},"content":{"rendered":"<p><a href=\"http:\/\/armstrongyregion.com.ar\/diario\/wp-content\/uploads\/2016\/01\/12-31-fisherton.jpg_88717827.jpg\"><img loading=\"lazy\" decoding=\"async\" class=\"alignnone size-medium wp-image-5700\" src=\"http:\/\/armstrongyregion.com.ar\/diario\/wp-content\/uploads\/2016\/01\/12-31-fisherton.jpg_88717827-300x225.jpg\" alt=\"fisherton\" width=\"300\" height=\"225\" srcset=\"https:\/\/armstrongyregion.com.ar\/diario\/wp-content\/uploads\/2016\/01\/12-31-fisherton.jpg_88717827-300x225.jpg 300w, https:\/\/armstrongyregion.com.ar\/diario\/wp-content\/uploads\/2016\/01\/12-31-fisherton.jpg_88717827.jpg 621w\" sizes=\"auto, (max-width: 300px) 100vw, 300px\" \/><\/a>El vuelo de ayer a la ciudad uruguaya no sali\u00f3, lo que provoc\u00f3 quejas y amenazas de demandas por parte de los pasajeros. El vuelo de hoy de las 14 fue reprogramado para las 17.<\/p>\n<p>La empresa Sol L\u00edneas A\u00e9reas -cuyo vuelo a Punta del este ayer no sali\u00f3 ayer desde el Aeropuerto Internacional Islas Malvinas dejando varados a decenas de pasajeros- dispuso que ese contingente de 43 personas viaje esta noche a las 20 a la ciudad este\u00f1a, mientras que tambi\u00e9n se indic\u00f3 que el vuelo que deb\u00eda salir esta tarde hacia el balneario uruguayo a las 14 fue reprogramado para las 17.<\/p>\n<p>\u00abEstamos conectados con los pasajeros y ya est\u00e1n informados. Efectivamente, los que no pudieron viajar ayer lo har\u00e1n esta noche a las 20 y el vuelo que iba a salir a las 14 lo har\u00e1 a las 17. Desde la empresa programamos los vuelos para hacerlos, pero despu\u00e9s hay contingencias o clim\u00e1ticas, o t\u00e9cnicas o con la tripulaci\u00f3n, que plantean estos panoramas no deseados\u00bb, dijo desde Sol L\u00edneas A\u00e9reas uno de sus miembros, Juan Nyffeneger.<\/p>\n<p>\u00abEl tema del clima, los horarios que est\u00e1n habilitadas a cumplir las tripulaciones, todos esos son problemas. Ayer, el vuelo que deb\u00eda salir a as 17 sufri\u00f3 un desperfecto el\u00e9ctrico que fue solucionado, pero al llegar a Rosario la tripulaci\u00f3n ya hab\u00eda cumplido las horas permitidas de vuelo y no pudo seguir\u00bb, cont\u00f3 a La Capital.<\/p>\n<p>El vuelo a Punta del Este de ayer a las 14, hab\u00eda sido modificado para las 17. Pero al llegar la aeronave en la que deb\u00edan viajar, reci\u00e9n alrededor de las 20, los pasajeros observaron asombrados como la tripulaci\u00f3n descendi\u00f3, se apagaron las luces y se retiraron.<\/p>\n<p>Pasadas las 22, algunos decidieron retirarse de la sala de preembarque pero un grupo de al menos unas 40 personas exig\u00eda alguna explicaci\u00f3n y se negaba a dejar el lugar.<\/p>\n<p>Mientras tanto, algunos recordaron que el d\u00eda anterior el mismo vuelo tambi\u00e9n hab\u00eda sufrido una extensa demora y en lugar de partir a las 14 lo termin\u00f3 haciendo a las 22.<br \/>\nLa Capital.com<\/p>\n","protected":false},"excerpt":{"rendered":"<p>El vuelo de ayer a la ciudad uruguaya no sali\u00f3, lo que provoc\u00f3 quejas y amenazas de demandas por parte de los pasajeros. El vuelo de hoy de las 14 fue reprogramado para las 17. La empresa Sol L\u00edneas A\u00e9reas -cuyo vuelo a Punta del este ayer no sali\u00f3 ayer desde el Aeropuerto Internacional Islas <a href=\"https:\/\/armstrongyregion.com.ar\/diario\/los-pasajeros-de-sol-viajarian-hoy-a-las-20-a-punta-del-este-reprogramaron-el-vuelo\/\" title=\"Read more\" >&#8230;<\/a><\/p>\n","protected":false},"author":2,"featured_media":5700,"comment_status":"open","ping_status":"open","sticky":false,"template":"","format":"standard","meta":{"_jetpack_memberships_contains_paid_content":false,"footnotes":"","jetpack_publicize_message":"","jetpack_publicize_feature_enabled":true,"jetpack_social_post_already_shared":false,"jetpack_social_options":{"image_generator_settings":{"template":"highway","default_image_id":0,"enabled":false},"version":2}},"categories":[1,3],"tags":[3326,2712,3327],"class_list":["post-5699","post","type-post","status-publish","format-standard","has-post-thumbnail","hentry","category-diario-armstrong","category-region","tag-reprogramacion","tag-sol","tag-vuelos"],"jetpack_publicize_connections":[],"jetpack_featured_media_url":"https:\/\/armstrongyregion.com.ar\/diario\/wp-content\/uploads\/2016\/01\/12-31-fisherton.jpg_88717827.jpg","jetpack_shortlink":"https:\/\/wp.me\/p62QDO-1tV","jetpack_sharing_enabled":true,"amp_enabled":true,"_links":{"self":[{"href":"https:\/\/armstrongyregion.com.ar\/diario\/wp-json\/wp\/v2\/posts\/5699","targetHints":{"allow":["GET"]}}],"collection":[{"href":"https:\/\/armstrongyregion.com.ar\/diario\/wp-json\/wp\/v2\/posts"}],"about":[{"href":"https:\/\/armstrongyregion.com.ar\/diario\/wp-json\/wp\/v2\/types\/post"}],"author":[{"embeddable":true,"href":"https:\/\/armstrongyregion.com.ar\/diario\/wp-json\/wp\/v2\/users\/2"}],"replies":[{"embeddable":true,"href":"https:\/\/armstrongyregion.com.ar\/diario\/wp-json\/wp\/v2\/comments?post=5699"}],"version-history":[{"count":0,"href":"https:\/\/armstrongyregion.com.ar\/diario\/wp-json\/wp\/v2\/posts\/5699\/revisions"}],"wp:featuredmedia":[{"embeddable":true,"href":"https:\/\/armstrongyregion.com.ar\/diario\/wp-json\/wp\/v2\/media\/5700"}],"wp:attachment":[{"href":"https:\/\/armstrongyregion.com.ar\/diario\/wp-json\/wp\/v2\/media?parent=5699"}],"wp:term":[{"taxonomy":"category","embeddable":true,"href":"https:\/\/armstrongyregion.com.ar\/diario\/wp-json\/wp\/v2\/categories?post=5699"},{"taxonomy":"post_tag","embeddable":true,"href":"https:\/\/armstrongyregion.com.ar\/diario\/wp-json\/wp\/v2\/tags?post=5699"}],"curies":[{"name":"wp","href":"https:\/\/api.w.org\/{rel}","templated":true}]}}