{"id":5677,"date":"2015-12-30T16:28:42","date_gmt":"2015-12-30T16:28:42","guid":{"rendered":"https:\/\/armstrongyregion.com.ar\/diario\/?p=5677"},"modified":"2015-12-30T16:28:42","modified_gmt":"2015-12-30T16:28:42","slug":"correa-comienza-a-sentir-el-latinoamericano-2016","status":"publish","type":"post","link":"https:\/\/armstrongyregion.com.ar\/diario\/correa-comienza-a-sentir-el-latinoamericano-2016\/","title":{"rendered":"Correa comienza a sentir el Latinoamericano 2016."},"content":{"rendered":"<p><a href=\"http:\/\/armstrongyregion.com.ar\/diario\/wp-content\/uploads\/2015\/12\/Latinoamericano2016.jpg\"><img loading=\"lazy\" decoding=\"async\" class=\"alignnone size-medium wp-image-5678\" src=\"http:\/\/armstrongyregion.com.ar\/diario\/wp-content\/uploads\/2015\/12\/Latinoamericano2016-300x211.jpg\" alt=\"Latinoamericano2016\" width=\"300\" height=\"211\" srcset=\"https:\/\/armstrongyregion.com.ar\/diario\/wp-content\/uploads\/2015\/12\/Latinoamericano2016-300x211.jpg 300w, https:\/\/armstrongyregion.com.ar\/diario\/wp-content\/uploads\/2015\/12\/Latinoamericano2016.jpg 768w\" sizes=\"auto, (max-width: 300px) 100vw, 300px\" \/><\/a>El pr\u00f3ximo 8, 9 y 10 de enero en el Polideportivo Comunal se llevar\u00e1 a cabo una nueva edici\u00f3n del evento internacional que tendr\u00e1 la presencia de artistas locales y regionales, y delegaciones for\u00e1neas.<br \/>\nEl encuentro de m\u00fasica y danza que se realizar\u00e1 por cuarto a\u00f1o consecutivo, contar\u00e1 con la organizaci\u00f3n de la Comuna de Correa a trav\u00e9s de su Concejo de Cultura y Educaci\u00f3n, en conjunto con Pe\u00f1a El Amanecer y la Compa\u00f1\u00eda Alma Argentina. Vale recordar que cada jornada es con entrada libre y gratuita.<br \/>\nEste espect\u00e1culo cuenta con una impronta m\u00e1s que especial, ya que diversas expresiones culturales de la localidad comparten un espacio cultural con artistas que llegan de diferentes puntos de Am\u00e9rica Latina. Un argumento, que lo hace \u00fanico e irrepetible.<br \/>\nPor primera vez, el Polideportivo Comunal actuar\u00e1 como anfitri\u00f3n de un evento de estas caracter\u00edsticas. El renovado espacio lindero a las v\u00edas f\u00e9rreas inaugurar\u00e1 su nuevo escenario.<br \/>\n\u00abEstamos felices de poder recibir artistas de estas caracteristicas y seguir trabajando en la difusi\u00f3n de nuestra cultura, con espect\u00e1culos gratuitos que convocan a toda la familia, que nos permiten seguir trabajando por la inclusi\u00f3n de los j\u00f3venes y que son una gran oportunidad para hermanar nuestros pueblos\u00bb, expres\u00f3 el presidente comunal, Fabi\u00e1n Cejas en el marco de este evento.<\/p>\n","protected":false},"excerpt":{"rendered":"<p>El pr\u00f3ximo 8, 9 y 10 de enero en el Polideportivo Comunal se llevar\u00e1 a cabo una nueva edici\u00f3n del evento internacional que tendr\u00e1 la presencia de artistas locales y regionales, y delegaciones for\u00e1neas. El encuentro de m\u00fasica y danza que se realizar\u00e1 por cuarto a\u00f1o consecutivo, contar\u00e1 con la organizaci\u00f3n de la Comuna de <a href=\"https:\/\/armstrongyregion.com.ar\/diario\/correa-comienza-a-sentir-el-latinoamericano-2016\/\" title=\"Read more\" >&#8230;<\/a><\/p>\n","protected":false},"author":2,"featured_media":5678,"comment_status":"open","ping_status":"open","sticky":false,"template":"","format":"standard","meta":{"_jetpack_memberships_contains_paid_content":false,"footnotes":"","jetpack_publicize_message":"","jetpack_publicize_feature_enabled":true,"jetpack_social_post_already_shared":false,"jetpack_social_options":{"image_generator_settings":{"template":"highway","default_image_id":0,"enabled":false},"version":2}},"categories":[6,1,3],"tags":[3115,303,305],"class_list":["post-5677","post","type-post","status-publish","format-standard","has-post-thumbnail","hentry","category-cultura-entretenimiento","category-diario-armstrong","category-region","tag-3115","tag-correa","tag-latinoamericano"],"jetpack_publicize_connections":[],"jetpack_featured_media_url":"https:\/\/armstrongyregion.com.ar\/diario\/wp-content\/uploads\/2015\/12\/Latinoamericano2016.jpg","jetpack_shortlink":"https:\/\/wp.me\/p62QDO-1tz","jetpack_sharing_enabled":true,"amp_enabled":true,"_links":{"self":[{"href":"https:\/\/armstrongyregion.com.ar\/diario\/wp-json\/wp\/v2\/posts\/5677","targetHints":{"allow":["GET"]}}],"collection":[{"href":"https:\/\/armstrongyregion.com.ar\/diario\/wp-json\/wp\/v2\/posts"}],"about":[{"href":"https:\/\/armstrongyregion.com.ar\/diario\/wp-json\/wp\/v2\/types\/post"}],"author":[{"embeddable":true,"href":"https:\/\/armstrongyregion.com.ar\/diario\/wp-json\/wp\/v2\/users\/2"}],"replies":[{"embeddable":true,"href":"https:\/\/armstrongyregion.com.ar\/diario\/wp-json\/wp\/v2\/comments?post=5677"}],"version-history":[{"count":0,"href":"https:\/\/armstrongyregion.com.ar\/diario\/wp-json\/wp\/v2\/posts\/5677\/revisions"}],"wp:featuredmedia":[{"embeddable":true,"href":"https:\/\/armstrongyregion.com.ar\/diario\/wp-json\/wp\/v2\/media\/5678"}],"wp:attachment":[{"href":"https:\/\/armstrongyregion.com.ar\/diario\/wp-json\/wp\/v2\/media?parent=5677"}],"wp:term":[{"taxonomy":"category","embeddable":true,"href":"https:\/\/armstrongyregion.com.ar\/diario\/wp-json\/wp\/v2\/categories?post=5677"},{"taxonomy":"post_tag","embeddable":true,"href":"https:\/\/armstrongyregion.com.ar\/diario\/wp-json\/wp\/v2\/tags?post=5677"}],"curies":[{"name":"wp","href":"https:\/\/api.w.org\/{rel}","templated":true}]}}