{"id":5665,"date":"2015-12-29T15:28:33","date_gmt":"2015-12-29T15:28:33","guid":{"rendered":"https:\/\/armstrongyregion.com.ar\/diario\/?p=5665"},"modified":"2015-12-29T15:37:18","modified_gmt":"2015-12-29T15:37:18","slug":"diego-mansilla-se-reunio-con-miguel-lifschitz","status":"publish","type":"post","link":"https:\/\/armstrongyregion.com.ar\/diario\/diego-mansilla-se-reunio-con-miguel-lifschitz\/","title":{"rendered":"Diego Mansilla se reuni\u00f3 con Miguel Lifschitz."},"content":{"rendered":"<p><a href=\"http:\/\/armstrongyregion.com.ar\/diario\/wp-content\/uploads\/2015\/12\/miguel-lifschitz-y-diego-mansilla.jpg\"><img loading=\"lazy\" decoding=\"async\" class=\"alignnone size-medium wp-image-5666\" src=\"http:\/\/armstrongyregion.com.ar\/diario\/wp-content\/uploads\/2015\/12\/miguel-lifschitz-y-diego-mansilla-300x198.jpg\" alt=\"miguel lifschitz y diego mansilla\" width=\"300\" height=\"198\" srcset=\"https:\/\/armstrongyregion.com.ar\/diario\/wp-content\/uploads\/2015\/12\/miguel-lifschitz-y-diego-mansilla-300x198.jpg 300w, https:\/\/armstrongyregion.com.ar\/diario\/wp-content\/uploads\/2015\/12\/miguel-lifschitz-y-diego-mansilla.jpg 768w\" sizes=\"auto, (max-width: 300px) 100vw, 300px\" \/><\/a>El Parlamentario del Mercosur por el FPV se puso a disposici\u00f3n del gobernador para colaborar frente a las inundaciones y en todo lo que la provincia requiera del bloque regional.<\/p>\n<p>\u201cEstoy en contacto directo con el gobernador para colaborar en todo lo que est\u00e9 a nuestro alcance ante la dif\u00edcil situaci\u00f3n provocada por las inundaciones\u201d, dijo hoy Diego Mansilla, parlamentario del Mercosur por el Frente para la Victoria santafesino.<br \/>\nAntes de la Navidad, Mansilla mantuvo una reuni\u00f3n con el titular del Ejecutivo provincial, Miguel Lifschitz, \u201cpara ponerme a su disposici\u00f3n para todo lo que la provincia necesite gestionar en el Mercosur\u201d.<br \/>\nDespu\u00e9s, este fin de semana, el parlamentario del bloque regional sudamericano retom\u00f3 el contacto con el gobernador y tambi\u00e9n con el Ministro de Medio Ambiente de la provincia, Jacinto Speranza, para colaborar espec\u00edficamente en lo referido a las inundaciones.<br \/>\n\u201cAnte la tragedia de las inundaciones que afectan principalmente a las provincias de Entre R\u00edos, Santa Fe, Corrientes, Chaco y Formosa, los parlamentarios del Mercosur del bloque del Frente para la Victoria acordamos poner a disposici\u00f3n de las provincias damnificadas todo lo que est\u00e9 a nuestro alcance para colaborar en la emergencia\u201d, indic\u00f3 Mansilla. \u201cNos comprometimos a estudiar, en conjunto con los gobiernos locales, proyectos y obras que se puedan concretar con financiamiento del Mercosur para evitar que estas situaciones se repitan\u201d, a\u00f1adi\u00f3.<br \/>\n\u201cEn situaciones como estas, debemos buscar soluciones inmediatas y trabajar responsablemente entre todos, porque la Patria siempre es el otro\u201d, remarc\u00f3 Mansilla.<br \/>\nEn cuanto a lo conversado con Lifschitz en la reuni\u00f3n que mantuvieran el pasado mi\u00e9rcoles 23 de diciembre, Mansilla inform\u00f3 que se analizaron proyectos de obras y programas que se pueden realizar con financiamiento del Fondo de Convergencia Estructural del Mercosur (FOCEM).<br \/>\n\u201cTambi\u00e9n conversamos sobre la importancia de avanzar institucionalmente \u201cen la promoci\u00f3n y el fortalecimiento de nuestros sectores productivos y su inserci\u00f3n en el contexto internacional, en donde los hermanos pa\u00edses latinoamericanos son socios estrat\u00e9gicos de nuestras pymes\u201d, se\u00f1al\u00f3 Mansilla. Y agreg\u00f3: \u201cNuestra vocaci\u00f3n es trabajar en conjunto en beneficio de todo el pueblo santafesino, al cual me siento orgulloso de representar en el Parlamento del Mercosur\u201d.<\/p>\n","protected":false},"excerpt":{"rendered":"<p>El Parlamentario del Mercosur por el FPV se puso a disposici\u00f3n del gobernador para colaborar frente a las inundaciones y en todo lo que la provincia requiera del bloque regional. \u201cEstoy en contacto directo con el gobernador para colaborar en todo lo que est\u00e9 a nuestro alcance ante la dif\u00edcil situaci\u00f3n provocada por las inundaciones\u201d, <a href=\"https:\/\/armstrongyregion.com.ar\/diario\/diego-mansilla-se-reunio-con-miguel-lifschitz\/\" title=\"Read more\" >&#8230;<\/a><\/p>\n","protected":false},"author":2,"featured_media":5666,"comment_status":"open","ping_status":"open","sticky":false,"template":"","format":"standard","meta":{"_jetpack_memberships_contains_paid_content":false,"footnotes":"","jetpack_publicize_message":"","jetpack_publicize_feature_enabled":true,"jetpack_social_post_already_shared":false,"jetpack_social_options":{"image_generator_settings":{"template":"highway","default_image_id":0,"enabled":false},"version":2}},"categories":[1,2,3],"tags":[990,991],"class_list":["post-5665","post","type-post","status-publish","format-standard","has-post-thumbnail","hentry","category-diario-armstrong","category-locales","category-region","tag-diego","tag-mansilla"],"jetpack_publicize_connections":[],"jetpack_featured_media_url":"https:\/\/armstrongyregion.com.ar\/diario\/wp-content\/uploads\/2015\/12\/miguel-lifschitz-y-diego-mansilla.jpg","jetpack_shortlink":"https:\/\/wp.me\/p62QDO-1tn","jetpack_sharing_enabled":true,"amp_enabled":true,"_links":{"self":[{"href":"https:\/\/armstrongyregion.com.ar\/diario\/wp-json\/wp\/v2\/posts\/5665","targetHints":{"allow":["GET"]}}],"collection":[{"href":"https:\/\/armstrongyregion.com.ar\/diario\/wp-json\/wp\/v2\/posts"}],"about":[{"href":"https:\/\/armstrongyregion.com.ar\/diario\/wp-json\/wp\/v2\/types\/post"}],"author":[{"embeddable":true,"href":"https:\/\/armstrongyregion.com.ar\/diario\/wp-json\/wp\/v2\/users\/2"}],"replies":[{"embeddable":true,"href":"https:\/\/armstrongyregion.com.ar\/diario\/wp-json\/wp\/v2\/comments?post=5665"}],"version-history":[{"count":0,"href":"https:\/\/armstrongyregion.com.ar\/diario\/wp-json\/wp\/v2\/posts\/5665\/revisions"}],"wp:featuredmedia":[{"embeddable":true,"href":"https:\/\/armstrongyregion.com.ar\/diario\/wp-json\/wp\/v2\/media\/5666"}],"wp:attachment":[{"href":"https:\/\/armstrongyregion.com.ar\/diario\/wp-json\/wp\/v2\/media?parent=5665"}],"wp:term":[{"taxonomy":"category","embeddable":true,"href":"https:\/\/armstrongyregion.com.ar\/diario\/wp-json\/wp\/v2\/categories?post=5665"},{"taxonomy":"post_tag","embeddable":true,"href":"https:\/\/armstrongyregion.com.ar\/diario\/wp-json\/wp\/v2\/tags?post=5665"}],"curies":[{"name":"wp","href":"https:\/\/api.w.org\/{rel}","templated":true}]}}