{"id":5662,"date":"2015-12-29T15:10:50","date_gmt":"2015-12-29T15:10:50","guid":{"rendered":"https:\/\/armstrongyregion.com.ar\/diario\/?p=5662"},"modified":"2015-12-29T15:10:50","modified_gmt":"2015-12-29T15:10:50","slug":"clerici-se-reunio-con-ptes-comunales-del-departamento-iriondo","status":"publish","type":"post","link":"https:\/\/armstrongyregion.com.ar\/diario\/clerici-se-reunio-con-ptes-comunales-del-departamento-iriondo\/","title":{"rendered":"Cl\u00e9rici se reuni\u00f3 con Ptes. Comunales del Departamento Iriondo."},"content":{"rendered":"<p><a href=\"http:\/\/armstrongyregion.com.ar\/diario\/wp-content\/uploads\/2015\/12\/IMG_5691.jpg\"><img loading=\"lazy\" decoding=\"async\" class=\"alignnone size-medium wp-image-5663\" src=\"http:\/\/armstrongyregion.com.ar\/diario\/wp-content\/uploads\/2015\/12\/IMG_5691-300x200.jpg\" alt=\"Clerici\" width=\"300\" height=\"200\" srcset=\"https:\/\/armstrongyregion.com.ar\/diario\/wp-content\/uploads\/2015\/12\/IMG_5691-300x200.jpg 300w, https:\/\/armstrongyregion.com.ar\/diario\/wp-content\/uploads\/2015\/12\/IMG_5691.jpg 768w\" sizes=\"auto, (max-width: 300px) 100vw, 300px\" \/><\/a>En el despacho municipal se realiz\u00f3 el encuentro para diagramar la agenda de trabajo conjunta de cara al pr\u00f3ximo a\u00f1o. Adem\u00e1s se programaron<br \/>\nlos temas que se presentar\u00e1n en la reuni\u00f3n que se realizar\u00e1 hoy con el gobernador Miguel Lifschitz.<\/p>\n<p>La intendenta Stella Cl\u00e9rici junto a su equipo de gobierno recibi\u00f3 en el despacho municipal a presidentes comunales del departamento Iriondo<br \/>\npara diagramar los proyectos conjuntos para el pr\u00f3ximo a\u00f1o.<br \/>\nJunto con Cl\u00e9rici estuvieron las autoridades de las comunas de Bustinza, Carrizales, Clarke, Lucio V. L\u00f3pez, Oliveros y Villa Elo\u00edsa,<br \/>\nentre quienes convinieron en participar del Encuentro Regional que se realizar\u00e1 hoy en Villa Gobernador G\u00e1lvez con el gobernador Miguel<br \/>\nLifschitz.<br \/>\n\u201cFue un encuentro productivo en el que pudimos trazar nuestra agenda de proyectos conjuntos en beneficio de todos los habitantes del<br \/>\nDepartamento\u201d, expres\u00f3 Cl\u00e9rici.<\/p>\n","protected":false},"excerpt":{"rendered":"<p>En el despacho municipal se realiz\u00f3 el encuentro para diagramar la agenda de trabajo conjunta de cara al pr\u00f3ximo a\u00f1o. Adem\u00e1s se programaron los temas que se presentar\u00e1n en la reuni\u00f3n que se realizar\u00e1 hoy con el gobernador Miguel Lifschitz. La intendenta Stella Cl\u00e9rici junto a su equipo de gobierno recibi\u00f3 en el despacho municipal <a href=\"https:\/\/armstrongyregion.com.ar\/diario\/clerici-se-reunio-con-ptes-comunales-del-departamento-iriondo\/\" title=\"Read more\" >&#8230;<\/a><\/p>\n","protected":false},"author":2,"featured_media":5663,"comment_status":"open","ping_status":"open","sticky":false,"template":"","format":"standard","meta":{"_jetpack_memberships_contains_paid_content":false,"footnotes":"","jetpack_publicize_message":"","jetpack_publicize_feature_enabled":true,"jetpack_social_post_already_shared":false,"jetpack_social_options":{"image_generator_settings":{"template":"highway","default_image_id":0,"enabled":false},"version":2}},"categories":[1,2,2852,3],"tags":[83,2762,100,3323,343,86],"class_list":["post-5662","post","type-post","status-publish","format-standard","has-post-thumbnail","hentry","category-diario-armstrong","category-locales","category-policiales","category-region","tag-clerici","tag-comunales","tag-con","tag-ptes","tag-reunio","tag-se"],"jetpack_publicize_connections":[],"jetpack_featured_media_url":"https:\/\/armstrongyregion.com.ar\/diario\/wp-content\/uploads\/2015\/12\/IMG_5691.jpg","jetpack_shortlink":"https:\/\/wp.me\/p62QDO-1tk","jetpack_sharing_enabled":true,"amp_enabled":true,"_links":{"self":[{"href":"https:\/\/armstrongyregion.com.ar\/diario\/wp-json\/wp\/v2\/posts\/5662","targetHints":{"allow":["GET"]}}],"collection":[{"href":"https:\/\/armstrongyregion.com.ar\/diario\/wp-json\/wp\/v2\/posts"}],"about":[{"href":"https:\/\/armstrongyregion.com.ar\/diario\/wp-json\/wp\/v2\/types\/post"}],"author":[{"embeddable":true,"href":"https:\/\/armstrongyregion.com.ar\/diario\/wp-json\/wp\/v2\/users\/2"}],"replies":[{"embeddable":true,"href":"https:\/\/armstrongyregion.com.ar\/diario\/wp-json\/wp\/v2\/comments?post=5662"}],"version-history":[{"count":0,"href":"https:\/\/armstrongyregion.com.ar\/diario\/wp-json\/wp\/v2\/posts\/5662\/revisions"}],"wp:featuredmedia":[{"embeddable":true,"href":"https:\/\/armstrongyregion.com.ar\/diario\/wp-json\/wp\/v2\/media\/5663"}],"wp:attachment":[{"href":"https:\/\/armstrongyregion.com.ar\/diario\/wp-json\/wp\/v2\/media?parent=5662"}],"wp:term":[{"taxonomy":"category","embeddable":true,"href":"https:\/\/armstrongyregion.com.ar\/diario\/wp-json\/wp\/v2\/categories?post=5662"},{"taxonomy":"post_tag","embeddable":true,"href":"https:\/\/armstrongyregion.com.ar\/diario\/wp-json\/wp\/v2\/tags?post=5662"}],"curies":[{"name":"wp","href":"https:\/\/api.w.org\/{rel}","templated":true}]}}