{"id":5659,"date":"2015-12-29T15:06:14","date_gmt":"2015-12-29T15:06:14","guid":{"rendered":"https:\/\/armstrongyregion.com.ar\/diario\/?p=5659"},"modified":"2015-12-29T15:06:14","modified_gmt":"2015-12-29T15:06:14","slug":"el-dip-miguel-solis-participo-en-reunion-sobre-el-conflicto-de-la-empresa-parana-metal","status":"publish","type":"post","link":"https:\/\/armstrongyregion.com.ar\/diario\/el-dip-miguel-solis-participo-en-reunion-sobre-el-conflicto-de-la-empresa-parana-metal\/","title":{"rendered":"El Dip. Miguel Sol\u00eds particip\u00f3 en reunion sobre el conflicto de la Empresa Paran\u00e1 Metal."},"content":{"rendered":"<p><a href=\"http:\/\/armstrongyregion.com.ar\/diario\/wp-content\/uploads\/2015\/12\/Miguel-Solis2.jpg\"><img loading=\"lazy\" decoding=\"async\" class=\"alignnone size-medium wp-image-5660\" src=\"http:\/\/armstrongyregion.com.ar\/diario\/wp-content\/uploads\/2015\/12\/Miguel-Solis2-300x225.jpg\" alt=\"Miguel-Solis2\" width=\"300\" height=\"225\" srcset=\"https:\/\/armstrongyregion.com.ar\/diario\/wp-content\/uploads\/2015\/12\/Miguel-Solis2-300x225.jpg 300w, https:\/\/armstrongyregion.com.ar\/diario\/wp-content\/uploads\/2015\/12\/Miguel-Solis2.jpg 768w\" sizes=\"auto, (max-width: 300px) 100vw, 300px\" \/><\/a>El mi\u00e9rcoles 23 de diciembre se llevo a cabo una reuni\u00f3n en la sede de la UOM de Villa Constituci\u00f3n, en la cual los trabajadores de la Empresa Parana Metal solicitaron la reapertura de la planta, atento a que su due\u00f1o, CRISTOBAL LOPEZ decidi\u00f3 el cierre de la empresa a 2 d\u00edas de conocerse los resultados de las Elecciones Nacionales.<br \/>\nEn dicho encuentro multisectorial, se encontraban presentes los legisladores MIguel Solis, Luis Rubeo, Carlos Del Frade, Mercedes Meier, Oscar Pieroni, Federico Reuteman, Veronica Benas, el Viceministro de Trabajo de la Pcia. Leonardo Panosso, el Subsecretario del Misterio de Trabajo Ruben Luchini, el Intendente de Villa Constituci\u00f3n. y integrantes de la UOM de dicha ciudad.<\/p>\n","protected":false},"excerpt":{"rendered":"<p>El mi\u00e9rcoles 23 de diciembre se llevo a cabo una reuni\u00f3n en la sede de la UOM de Villa Constituci\u00f3n, en la cual los trabajadores de la Empresa Parana Metal solicitaron la reapertura de la planta, atento a que su due\u00f1o, CRISTOBAL LOPEZ decidi\u00f3 el cierre de la empresa a 2 d\u00edas de conocerse los <a href=\"https:\/\/armstrongyregion.com.ar\/diario\/el-dip-miguel-solis-participo-en-reunion-sobre-el-conflicto-de-la-empresa-parana-metal\/\" title=\"Read more\" >&#8230;<\/a><\/p>\n","protected":false},"author":2,"featured_media":5660,"comment_status":"open","ping_status":"open","sticky":false,"template":"","format":"standard","meta":{"_jetpack_memberships_contains_paid_content":false,"footnotes":"","jetpack_publicize_message":"","jetpack_publicize_feature_enabled":true,"jetpack_social_post_already_shared":false,"jetpack_social_options":{"image_generator_settings":{"template":"highway","default_image_id":0,"enabled":false},"version":2}},"categories":[1,2,7,3],"tags":[1458,435,3240],"class_list":["post-5659","post","type-post","status-publish","format-standard","has-post-thumbnail","hentry","category-diario-armstrong","category-locales","category-politica","category-region","tag-diputado","tag-miguel","tag-solis"],"jetpack_publicize_connections":[],"jetpack_featured_media_url":"https:\/\/armstrongyregion.com.ar\/diario\/wp-content\/uploads\/2015\/12\/Miguel-Solis2.jpg","jetpack_shortlink":"https:\/\/wp.me\/p62QDO-1th","jetpack_sharing_enabled":true,"amp_enabled":true,"_links":{"self":[{"href":"https:\/\/armstrongyregion.com.ar\/diario\/wp-json\/wp\/v2\/posts\/5659","targetHints":{"allow":["GET"]}}],"collection":[{"href":"https:\/\/armstrongyregion.com.ar\/diario\/wp-json\/wp\/v2\/posts"}],"about":[{"href":"https:\/\/armstrongyregion.com.ar\/diario\/wp-json\/wp\/v2\/types\/post"}],"author":[{"embeddable":true,"href":"https:\/\/armstrongyregion.com.ar\/diario\/wp-json\/wp\/v2\/users\/2"}],"replies":[{"embeddable":true,"href":"https:\/\/armstrongyregion.com.ar\/diario\/wp-json\/wp\/v2\/comments?post=5659"}],"version-history":[{"count":0,"href":"https:\/\/armstrongyregion.com.ar\/diario\/wp-json\/wp\/v2\/posts\/5659\/revisions"}],"wp:featuredmedia":[{"embeddable":true,"href":"https:\/\/armstrongyregion.com.ar\/diario\/wp-json\/wp\/v2\/media\/5660"}],"wp:attachment":[{"href":"https:\/\/armstrongyregion.com.ar\/diario\/wp-json\/wp\/v2\/media?parent=5659"}],"wp:term":[{"taxonomy":"category","embeddable":true,"href":"https:\/\/armstrongyregion.com.ar\/diario\/wp-json\/wp\/v2\/categories?post=5659"},{"taxonomy":"post_tag","embeddable":true,"href":"https:\/\/armstrongyregion.com.ar\/diario\/wp-json\/wp\/v2\/tags?post=5659"}],"curies":[{"name":"wp","href":"https:\/\/api.w.org\/{rel}","templated":true}]}}