{"id":5589,"date":"2015-12-21T14:45:50","date_gmt":"2015-12-21T14:45:50","guid":{"rendered":"https:\/\/armstrongyregion.com.ar\/diario\/?p=5589"},"modified":"2015-12-21T14:45:50","modified_gmt":"2015-12-21T14:45:50","slug":"las-rosas-se-trabaja-normalmente-en-la-municipalidad","status":"publish","type":"post","link":"https:\/\/armstrongyregion.com.ar\/diario\/las-rosas-se-trabaja-normalmente-en-la-municipalidad\/","title":{"rendered":"Las Rosas: se trabaja normalmente en la municipalidad."},"content":{"rendered":"<p><a href=\"http:\/\/armstrongyregion.com.ar\/diario\/wp-content\/uploads\/2015\/12\/multimedia.normal.a9707dff3c9d9523.73697472616d2d7675656c766574726162616a6f2d6d6f736169636f5f6e6f726d616c2e6a7067.jpg\"><img loading=\"lazy\" decoding=\"async\" class=\"alignnone size-medium wp-image-5590\" src=\"http:\/\/armstrongyregion.com.ar\/diario\/wp-content\/uploads\/2015\/12\/multimedia.normal.a9707dff3c9d9523.73697472616d2d7675656c766574726162616a6f2d6d6f736169636f5f6e6f726d616c2e6a7067-300x225.jpg\" alt=\"Municipalidad-Las-Rosas-\" width=\"300\" height=\"225\" srcset=\"https:\/\/armstrongyregion.com.ar\/diario\/wp-content\/uploads\/2015\/12\/multimedia.normal.a9707dff3c9d9523.73697472616d2d7675656c766574726162616a6f2d6d6f736169636f5f6e6f726d616c2e6a7067-300x225.jpg 300w, https:\/\/armstrongyregion.com.ar\/diario\/wp-content\/uploads\/2015\/12\/multimedia.normal.a9707dff3c9d9523.73697472616d2d7675656c766574726162616a6f2d6d6f736169636f5f6e6f726d616c2e6a7067.jpg 703w\" sizes=\"auto, (max-width: 300px) 100vw, 300px\" \/><\/a>SITraM y el municipio llegaron a un acuerdo el viernes pasado, y este lunes el personal regres\u00f3 a su trabajo.<\/p>\n<p>Despues de muchas vicisitudes y negociaciones, el acta acuerdo firmada el pasado viernes luego del mediod\u00eda se complement\u00f3 con la aprobaci\u00f3n de la ordenanza que declara la Emergencia Econ\u00f3mica, Financiera y Administrativa de la Municipalidad de Las Rosas, posibilitando el pedido de ayuda financiera a la provincia.<\/p>\n<p>De esta manera el Ejecutivo se comprometi\u00f3 a cancelar totalmente los salarios de noviembre 2015 y el medio aguinaldo, comenzando con dep\u00f3sitos este mismo lunes 21 de diciembre y complet\u00e1ndolo martes y mi\u00e9rcoles, si ingresa el anticipo financiero provincial.<br \/>\nPor su parte el gremio se comprometi\u00f3 a reiniciar normalmente las labores.<\/p>\n<p>De esta manera puede decirse que hoy comienza activamente la gesti\u00f3n de Javier Meyer como intendente de Las Rosas, que se inici\u00f3 el 11 de diciembre con un paro municipal ya declarado.<br \/>\nLas Rosas Digital.<\/p>\n","protected":false},"excerpt":{"rendered":"<p>SITraM y el municipio llegaron a un acuerdo el viernes pasado, y este lunes el personal regres\u00f3 a su trabajo. Despues de muchas vicisitudes y negociaciones, el acta acuerdo firmada el pasado viernes luego del mediod\u00eda se complement\u00f3 con la aprobaci\u00f3n de la ordenanza que declara la Emergencia Econ\u00f3mica, Financiera y Administrativa de la Municipalidad <a href=\"https:\/\/armstrongyregion.com.ar\/diario\/las-rosas-se-trabaja-normalmente-en-la-municipalidad\/\" title=\"Read more\" >&#8230;<\/a><\/p>\n","protected":false},"author":2,"featured_media":5590,"comment_status":"open","ping_status":"open","sticky":false,"template":"","format":"standard","meta":{"_jetpack_memberships_contains_paid_content":false,"footnotes":"","jetpack_publicize_message":"","jetpack_publicize_feature_enabled":true,"jetpack_social_post_already_shared":false,"jetpack_social_options":{"image_generator_settings":{"template":"highway","default_image_id":0,"enabled":false},"version":2}},"categories":[1,7,3],"tags":[15,31,23,1103,3113,361,86,511],"class_list":["post-5589","post","type-post","status-publish","format-standard","has-post-thumbnail","hentry","category-diario-armstrong","category-politica","category-region","tag-en","tag-la","tag-las","tag-municipalidad","tag-normalmente","tag-rosas","tag-se","tag-trabaja"],"jetpack_publicize_connections":[],"jetpack_featured_media_url":"https:\/\/armstrongyregion.com.ar\/diario\/wp-content\/uploads\/2015\/12\/multimedia.normal.a9707dff3c9d9523.73697472616d2d7675656c766574726162616a6f2d6d6f736169636f5f6e6f726d616c2e6a7067.jpg","jetpack_shortlink":"https:\/\/wp.me\/p62QDO-1s9","jetpack_sharing_enabled":true,"amp_enabled":true,"_links":{"self":[{"href":"https:\/\/armstrongyregion.com.ar\/diario\/wp-json\/wp\/v2\/posts\/5589","targetHints":{"allow":["GET"]}}],"collection":[{"href":"https:\/\/armstrongyregion.com.ar\/diario\/wp-json\/wp\/v2\/posts"}],"about":[{"href":"https:\/\/armstrongyregion.com.ar\/diario\/wp-json\/wp\/v2\/types\/post"}],"author":[{"embeddable":true,"href":"https:\/\/armstrongyregion.com.ar\/diario\/wp-json\/wp\/v2\/users\/2"}],"replies":[{"embeddable":true,"href":"https:\/\/armstrongyregion.com.ar\/diario\/wp-json\/wp\/v2\/comments?post=5589"}],"version-history":[{"count":0,"href":"https:\/\/armstrongyregion.com.ar\/diario\/wp-json\/wp\/v2\/posts\/5589\/revisions"}],"wp:featuredmedia":[{"embeddable":true,"href":"https:\/\/armstrongyregion.com.ar\/diario\/wp-json\/wp\/v2\/media\/5590"}],"wp:attachment":[{"href":"https:\/\/armstrongyregion.com.ar\/diario\/wp-json\/wp\/v2\/media?parent=5589"}],"wp:term":[{"taxonomy":"category","embeddable":true,"href":"https:\/\/armstrongyregion.com.ar\/diario\/wp-json\/wp\/v2\/categories?post=5589"},{"taxonomy":"post_tag","embeddable":true,"href":"https:\/\/armstrongyregion.com.ar\/diario\/wp-json\/wp\/v2\/tags?post=5589"}],"curies":[{"name":"wp","href":"https:\/\/api.w.org\/{rel}","templated":true}]}}