{"id":558,"date":"2015-01-23T21:50:21","date_gmt":"2015-01-23T21:50:21","guid":{"rendered":"https:\/\/armstrongyregion.com.ar\/diario\/?p=558"},"modified":"2015-01-23T22:03:01","modified_gmt":"2015-01-23T22:03:01","slug":"este-lunes-se-firman-los-convenios-para-la-iniciacion-del-nuevo-barrio-pro-cre-ar","status":"publish","type":"post","link":"https:\/\/armstrongyregion.com.ar\/diario\/este-lunes-se-firman-los-convenios-para-la-iniciacion-del-nuevo-barrio-pro-cre-ar\/","title":{"rendered":"Este Lunes se firman los convenios para la iniciaci\u00f3n del Nuevo Barrio PRO.CRE.AR."},"content":{"rendered":"<p><a href=\"http:\/\/armstrongyregion.com.ar\/diario\/wp-content\/uploads\/2015\/01\/procrear1.jpg\"><img loading=\"lazy\" decoding=\"async\" class=\"alignnone size-medium wp-image-559\" src=\"http:\/\/armstrongyregion.com.ar\/diario\/wp-content\/uploads\/2015\/01\/procrear1-300x225.jpg\" alt=\"procrear1\" width=\"300\" height=\"225\" srcset=\"https:\/\/armstrongyregion.com.ar\/diario\/wp-content\/uploads\/2015\/01\/procrear1-300x225.jpg 300w, https:\/\/armstrongyregion.com.ar\/diario\/wp-content\/uploads\/2015\/01\/procrear1.jpg 400w\" sizes=\"auto, (max-width: 300px) 100vw, 300px\" \/><\/a>El d\u00eda Lunes 26 del corriente a las 10 de la ma\u00f1ana tendr\u00e1 lugar en la Casa del Bicentenario el acto en el que se proceder\u00e1 a la firma de la Escritura de los terrenos del nuevo barrio de 194 viviendas de PROCREAR. Asimismo, en ese marco se firmar\u00e1n los contratos para el inicio de las obras de infraestructura necesarias para la habilitaci\u00f3n de dicho barrio.<\/p>\n<p>El mismo ser\u00e1 presidido por el Intendente Diego Martin Mansilla, quien estar\u00e1 acompa\u00f1ado por el Diputado Nacional Marcos Cleri, el Presidente del Concejo Horacio Compagnucci y funcionarios del PRO.CRE.AR y del Banco Hipotecario.<\/p>\n<p>\u201cSeguimos demostrando que con el trabajo de todos los d\u00edas, se pueden seguir cumpliendo sue\u00f1os y objetivos. Esta nueva realidad para Las Parejas que estamos concretando junto al Gobierno Nacional, es otro compromiso que nos hab\u00edamos tomado y que estamos cumpliendo\u201d, se\u00f1alo el Intendente Diego Martin Mansilla.<\/p>\n","protected":false},"excerpt":{"rendered":"<p>El d\u00eda Lunes 26 del corriente a las 10 de la ma\u00f1ana tendr\u00e1 lugar en la Casa del Bicentenario el acto en el que se proceder\u00e1 a la firma de la Escritura de los terrenos del nuevo barrio de 194 viviendas de PROCREAR. Asimismo, en ese marco se firmar\u00e1n los contratos para el inicio de <a href=\"https:\/\/armstrongyregion.com.ar\/diario\/este-lunes-se-firman-los-convenios-para-la-iniciacion-del-nuevo-barrio-pro-cre-ar\/\" title=\"Read more\" >&#8230;<\/a><\/p>\n","protected":false},"author":2,"featured_media":559,"comment_status":"open","ping_status":"open","sticky":false,"template":"","format":"standard","meta":{"_jetpack_memberships_contains_paid_content":false,"footnotes":"","jetpack_publicize_message":"","jetpack_publicize_feature_enabled":true,"jetpack_social_post_already_shared":false,"jetpack_social_options":{"image_generator_settings":{"template":"highway","default_image_id":0,"enabled":false},"version":2}},"categories":[1,7,3],"tags":[288,541,53,162,540,543,31,42,539,51,542,544,86],"class_list":["post-558","post","type-post","status-publish","format-standard","has-post-thumbnail","hentry","category-diario-armstrong","category-politica","category-region","tag-barrio","tag-convenios","tag-del","tag-este","tag-firma","tag-iniciacion","tag-la","tag-los","tag-lunes","tag-nuevo","tag-par","tag-pro-cre-ar","tag-se"],"jetpack_publicize_connections":[],"jetpack_featured_media_url":"https:\/\/armstrongyregion.com.ar\/diario\/wp-content\/uploads\/2015\/01\/procrear1.jpg","jetpack_shortlink":"https:\/\/wp.me\/p62QDO-90","jetpack_sharing_enabled":true,"amp_enabled":true,"_links":{"self":[{"href":"https:\/\/armstrongyregion.com.ar\/diario\/wp-json\/wp\/v2\/posts\/558","targetHints":{"allow":["GET"]}}],"collection":[{"href":"https:\/\/armstrongyregion.com.ar\/diario\/wp-json\/wp\/v2\/posts"}],"about":[{"href":"https:\/\/armstrongyregion.com.ar\/diario\/wp-json\/wp\/v2\/types\/post"}],"author":[{"embeddable":true,"href":"https:\/\/armstrongyregion.com.ar\/diario\/wp-json\/wp\/v2\/users\/2"}],"replies":[{"embeddable":true,"href":"https:\/\/armstrongyregion.com.ar\/diario\/wp-json\/wp\/v2\/comments?post=558"}],"version-history":[{"count":0,"href":"https:\/\/armstrongyregion.com.ar\/diario\/wp-json\/wp\/v2\/posts\/558\/revisions"}],"wp:featuredmedia":[{"embeddable":true,"href":"https:\/\/armstrongyregion.com.ar\/diario\/wp-json\/wp\/v2\/media\/559"}],"wp:attachment":[{"href":"https:\/\/armstrongyregion.com.ar\/diario\/wp-json\/wp\/v2\/media?parent=558"}],"wp:term":[{"taxonomy":"category","embeddable":true,"href":"https:\/\/armstrongyregion.com.ar\/diario\/wp-json\/wp\/v2\/categories?post=558"},{"taxonomy":"post_tag","embeddable":true,"href":"https:\/\/armstrongyregion.com.ar\/diario\/wp-json\/wp\/v2\/tags?post=558"}],"curies":[{"name":"wp","href":"https:\/\/api.w.org\/{rel}","templated":true}]}}