{"id":5579,"date":"2015-12-20T23:28:26","date_gmt":"2015-12-20T23:28:26","guid":{"rendered":"https:\/\/armstrongyregion.com.ar\/diario\/?p=5579"},"modified":"2015-12-20T23:28:26","modified_gmt":"2015-12-20T23:28:26","slug":"el-intendente-verdecchia-recibio-en-su-despacho-al-senador-guillermo-cornaglia","status":"publish","type":"post","link":"https:\/\/armstrongyregion.com.ar\/diario\/el-intendente-verdecchia-recibio-en-su-despacho-al-senador-guillermo-cornaglia\/","title":{"rendered":"El intendente Verdecchia recibi\u00f3 en su despacho al Senador Guillermo Cornaglia."},"content":{"rendered":"<p><a href=\"http:\/\/armstrongyregion.com.ar\/diario\/wp-content\/uploads\/2015\/12\/Cornaglia-Senador-.jpg\"><img loading=\"lazy\" decoding=\"async\" class=\"alignnone size-medium wp-image-5580\" src=\"http:\/\/armstrongyregion.com.ar\/diario\/wp-content\/uploads\/2015\/12\/Cornaglia-Senador--300x198.jpg\" alt=\"Cornaglia-Senador-\" width=\"300\" height=\"198\" srcset=\"https:\/\/armstrongyregion.com.ar\/diario\/wp-content\/uploads\/2015\/12\/Cornaglia-Senador--300x198.jpg 300w, https:\/\/armstrongyregion.com.ar\/diario\/wp-content\/uploads\/2015\/12\/Cornaglia-Senador-.jpg 768w\" sizes=\"auto, (max-width: 300px) 100vw, 300px\" \/><\/a>En la tarde del viernes el intendente Dr. Pablo Verdecchia recibi\u00f3 en su despacho al Senador Guillermo Cornaglia, en el marco de los encuentros que tiene proyectados el legislador con la autoridad m\u00e1xima de cada localidad del Dto. Belgrano.<\/p>\n<p>En conferencia de prensa con los medios locales, Guillermo Cornaglia hizo referencia a que sus propuestas de campa\u00f1a no se quedaran en promesas vanas y estar\u00e1 detr\u00e1s de cada instituci\u00f3n que lo necesite a trav\u00e9s de cada intendente o Pte. Comunal del Dto. Belgrano, \u201cla campa\u00f1a ya se termin\u00f3 y desde el 10 de diciembre ya estoy trabajando junto a mi equipo de trabajo por cada habitante de mi departamento, tambi\u00e9n mencion\u00f3 que si bien el distrito es heterog\u00e9neo en cuanto al color pol\u00edtico que ejecuta las necesidades de las ciudades son semejantes, en su mayor\u00eda requieren de m\u00e1s pavimento, cloacas, obras de cord\u00f3n cuneta, etc. Mencionando la obra p\u00fablica expres\u00f3 que realizara un arduo trabajo para que el gno. Provincial se ocupe de la Ruta 15\u201d.<\/p>\n<p>El intendente Verdecchia, por su parte expres\u00f3 la positividad de que el senador se ocupe personalmente de las necesidades de las instituciones y de la gente, \u201csiempre hubo mucho respeto entre el actual senador a pesar de haber competido por la senadur\u00eda este a\u00f1o, creo que estamos encaminados, as\u00ed debe de ser, se terminaron las bander\u00edas pol\u00edticas y ahora hay que trabajar por la ciudad juntos\u201d.<\/p>\n<p>&nbsp;<\/p>\n","protected":false},"excerpt":{"rendered":"<p>En la tarde del viernes el intendente Dr. Pablo Verdecchia recibi\u00f3 en su despacho al Senador Guillermo Cornaglia, en el marco de los encuentros que tiene proyectados el legislador con la autoridad m\u00e1xima de cada localidad del Dto. Belgrano. En conferencia de prensa con los medios locales, Guillermo Cornaglia hizo referencia a que sus propuestas <a href=\"https:\/\/armstrongyregion.com.ar\/diario\/el-intendente-verdecchia-recibio-en-su-despacho-al-senador-guillermo-cornaglia\/\" title=\"Read more\" >&#8230;<\/a><\/p>\n","protected":false},"author":2,"featured_media":5580,"comment_status":"open","ping_status":"open","sticky":false,"template":"","format":"standard","meta":{"_jetpack_memberships_contains_paid_content":false,"footnotes":"","jetpack_publicize_message":"","jetpack_publicize_feature_enabled":true,"jetpack_social_post_already_shared":false,"jetpack_social_options":{"image_generator_settings":{"template":"highway","default_image_id":0,"enabled":false},"version":2}},"categories":[8,1,2,7,3],"tags":[1324,205,13],"class_list":["post-5579","post","type-post","status-publish","format-standard","has-post-thumbnail","hentry","category-deliberando","category-diario-armstrong","category-locales","category-politica","category-region","tag-cornaglia","tag-verdecchia","tag-y"],"jetpack_publicize_connections":[],"jetpack_featured_media_url":"https:\/\/armstrongyregion.com.ar\/diario\/wp-content\/uploads\/2015\/12\/Cornaglia-Senador-.jpg","jetpack_shortlink":"https:\/\/wp.me\/p62QDO-1rZ","jetpack_sharing_enabled":true,"amp_enabled":true,"_links":{"self":[{"href":"https:\/\/armstrongyregion.com.ar\/diario\/wp-json\/wp\/v2\/posts\/5579","targetHints":{"allow":["GET"]}}],"collection":[{"href":"https:\/\/armstrongyregion.com.ar\/diario\/wp-json\/wp\/v2\/posts"}],"about":[{"href":"https:\/\/armstrongyregion.com.ar\/diario\/wp-json\/wp\/v2\/types\/post"}],"author":[{"embeddable":true,"href":"https:\/\/armstrongyregion.com.ar\/diario\/wp-json\/wp\/v2\/users\/2"}],"replies":[{"embeddable":true,"href":"https:\/\/armstrongyregion.com.ar\/diario\/wp-json\/wp\/v2\/comments?post=5579"}],"version-history":[{"count":0,"href":"https:\/\/armstrongyregion.com.ar\/diario\/wp-json\/wp\/v2\/posts\/5579\/revisions"}],"wp:featuredmedia":[{"embeddable":true,"href":"https:\/\/armstrongyregion.com.ar\/diario\/wp-json\/wp\/v2\/media\/5580"}],"wp:attachment":[{"href":"https:\/\/armstrongyregion.com.ar\/diario\/wp-json\/wp\/v2\/media?parent=5579"}],"wp:term":[{"taxonomy":"category","embeddable":true,"href":"https:\/\/armstrongyregion.com.ar\/diario\/wp-json\/wp\/v2\/categories?post=5579"},{"taxonomy":"post_tag","embeddable":true,"href":"https:\/\/armstrongyregion.com.ar\/diario\/wp-json\/wp\/v2\/tags?post=5579"}],"curies":[{"name":"wp","href":"https:\/\/api.w.org\/{rel}","templated":true}]}}