{"id":5572,"date":"2015-12-20T23:01:50","date_gmt":"2015-12-20T23:01:50","guid":{"rendered":"https:\/\/armstrongyregion.com.ar\/diario\/?p=5572"},"modified":"2015-12-20T23:01:50","modified_gmt":"2015-12-20T23:01:50","slug":"diego-mansilla-en-las-parejas-y-en-correa","status":"publish","type":"post","link":"https:\/\/armstrongyregion.com.ar\/diario\/diego-mansilla-en-las-parejas-y-en-correa\/","title":{"rendered":"Diego Mansilla en Las Parejas y en Correa."},"content":{"rendered":"<p><a href=\"http:\/\/armstrongyregion.com.ar\/diario\/wp-content\/uploads\/2015\/12\/diego-mansilla-en-correa-1-1.jpg\"><img loading=\"lazy\" decoding=\"async\" class=\"alignnone size-medium wp-image-5573\" src=\"http:\/\/armstrongyregion.com.ar\/diario\/wp-content\/uploads\/2015\/12\/diego-mansilla-en-correa-1-1-300x169.jpg\" alt=\"diego mansilla en correa 1 (1)\" width=\"300\" height=\"169\" srcset=\"https:\/\/armstrongyregion.com.ar\/diario\/wp-content\/uploads\/2015\/12\/diego-mansilla-en-correa-1-1-300x169.jpg 300w, https:\/\/armstrongyregion.com.ar\/diario\/wp-content\/uploads\/2015\/12\/diego-mansilla-en-correa-1-1.jpg 768w\" sizes=\"auto, (max-width: 300px) 100vw, 300px\" \/><\/a>\u201cSeguimos estando cerca de cada comunidad santafesina\u201d<\/p>\n<p>\u201cSeguimos cumpliendo nuestro compromiso de estar cerca de cada comunidad santafesina, aportando a solucionar los problemas y a que no se frene el crecimiento y el empleo\u201d, dijo Diego Mansilla, diputado del Mercosur por la provincia de Santa Fe, tras participar de actividades en Las Parejas y en Correa.<br \/>\n\u201cCon Marcos Cleri y con todos los compa\u00f1eros y compa\u00f1eras de nuestra organizaci\u00f3n y del Frente para la Victoria venimos sosteniendo un v\u00ednculo muy cercano y permanente con los vecinos de cada regi\u00f3n de la provincia, con sus autoridades, dirigentes y referentes, con quienes vamos a continuar trabajando juntos para defender los derechos que hemos logrado para los trabajadores y los m\u00e1s humildes, para defender tambi\u00e9n las posibilidades de crecimiento que hemos generado para los peque\u00f1os y medianos empresarios, los emprendedores; para seguir mejorando la salud, la educaci\u00f3n, la calidad de vida de todos\u201d, sostuvo Mansilla, quien el \u00faltimo viernes se reuni\u00f3 en Las Parejas con el intendente Horacio Compagnucci, la secretaria de Educaci\u00f3n y Cultura Erica Molteni y el senador del Departamento Belgrano, Guillermo Cornaglia.<br \/>\n\u201cRepasamos varios temas de la ciudad y la regi\u00f3n, como obras y gestiones en marcha y proyectos a futuro, que abordaremos juntos como equipo de trabajo\u201d, remarc\u00f3 Mansilla, quien fuera intendente de Las Parejas durante el \u00faltimo per\u00edodo.<br \/>\nDespu\u00e9s, en Correa, el parlamentario del Mercosur particip\u00f3 de la inauguraci\u00f3n del cine y la muestra de talleres culturales en la Biblioteca Popular. All\u00ed, con una inversi\u00f3n de 48.000 pesos del Ministerio de Cultura de la Naci\u00f3n, se puso en funcionamiento \u00abLa Biblio, F\u00e1brica Cultural\u00bb, que pondr\u00e1 gratuitamente a disposici\u00f3n de todos los ciudadanos los medios de producci\u00f3n y difusi\u00f3n cultural. \u201cLa Biblioteca comenz\u00f3 a crecer en el 2003, cuando compr\u00f3 el terreno y empez\u00f3 a levantar el edificio. Hoy cuenta con 400 socios y es la principal instituci\u00f3n cultural de Correa. Esta, como todas las inversiones en Educaci\u00f3n y Cultura que se dieron desde el 2003, son parte de lo que tenemos que cuidar ahora que nos toca estar en la oposici\u00f3n\u201d, remarc\u00f3 Mansilla, quien en Correa tambi\u00e9n se reuni\u00f3 con dirigentes y militantes del Frente para la Victoria en la Unidad B\u00e1sica N\u00e9stor Kirchner.<\/p>\n","protected":false},"excerpt":{"rendered":"<p>\u201cSeguimos estando cerca de cada comunidad santafesina\u201d \u201cSeguimos cumpliendo nuestro compromiso de estar cerca de cada comunidad santafesina, aportando a solucionar los problemas y a que no se frene el crecimiento y el empleo\u201d, dijo Diego Mansilla, diputado del Mercosur por la provincia de Santa Fe, tras participar de actividades en Las Parejas y en <a href=\"https:\/\/armstrongyregion.com.ar\/diario\/diego-mansilla-en-las-parejas-y-en-correa\/\" title=\"Read more\" >&#8230;<\/a><\/p>\n","protected":false},"author":2,"featured_media":5573,"comment_status":"open","ping_status":"open","sticky":false,"template":"","format":"standard","meta":{"_jetpack_memberships_contains_paid_content":false,"footnotes":"","jetpack_publicize_message":"","jetpack_publicize_feature_enabled":true,"jetpack_social_post_already_shared":false,"jetpack_social_options":{"image_generator_settings":{"template":"highway","default_image_id":0,"enabled":false},"version":2}},"categories":[6,1,2,7,3],"tags":[303,990,15,23,991,24,13],"class_list":["post-5572","post","type-post","status-publish","format-standard","has-post-thumbnail","hentry","category-cultura-entretenimiento","category-diario-armstrong","category-locales","category-politica","category-region","tag-correa","tag-diego","tag-en","tag-las","tag-mansilla","tag-parejas","tag-y"],"jetpack_publicize_connections":[],"jetpack_featured_media_url":"https:\/\/armstrongyregion.com.ar\/diario\/wp-content\/uploads\/2015\/12\/diego-mansilla-en-correa-1-1.jpg","jetpack_shortlink":"https:\/\/wp.me\/p62QDO-1rS","jetpack_sharing_enabled":true,"amp_enabled":true,"_links":{"self":[{"href":"https:\/\/armstrongyregion.com.ar\/diario\/wp-json\/wp\/v2\/posts\/5572","targetHints":{"allow":["GET"]}}],"collection":[{"href":"https:\/\/armstrongyregion.com.ar\/diario\/wp-json\/wp\/v2\/posts"}],"about":[{"href":"https:\/\/armstrongyregion.com.ar\/diario\/wp-json\/wp\/v2\/types\/post"}],"author":[{"embeddable":true,"href":"https:\/\/armstrongyregion.com.ar\/diario\/wp-json\/wp\/v2\/users\/2"}],"replies":[{"embeddable":true,"href":"https:\/\/armstrongyregion.com.ar\/diario\/wp-json\/wp\/v2\/comments?post=5572"}],"version-history":[{"count":0,"href":"https:\/\/armstrongyregion.com.ar\/diario\/wp-json\/wp\/v2\/posts\/5572\/revisions"}],"wp:featuredmedia":[{"embeddable":true,"href":"https:\/\/armstrongyregion.com.ar\/diario\/wp-json\/wp\/v2\/media\/5573"}],"wp:attachment":[{"href":"https:\/\/armstrongyregion.com.ar\/diario\/wp-json\/wp\/v2\/media?parent=5572"}],"wp:term":[{"taxonomy":"category","embeddable":true,"href":"https:\/\/armstrongyregion.com.ar\/diario\/wp-json\/wp\/v2\/categories?post=5572"},{"taxonomy":"post_tag","embeddable":true,"href":"https:\/\/armstrongyregion.com.ar\/diario\/wp-json\/wp\/v2\/tags?post=5572"}],"curies":[{"name":"wp","href":"https:\/\/api.w.org\/{rel}","templated":true}]}}