{"id":5558,"date":"2015-12-20T21:52:30","date_gmt":"2015-12-20T21:52:30","guid":{"rendered":"https:\/\/armstrongyregion.com.ar\/diario\/?p=5558"},"modified":"2015-12-20T21:52:30","modified_gmt":"2015-12-20T21:52:30","slug":"marcelo-de-santa-brigida-y-daniel-ordonez-referentes-de-sitram-canada-de-gomez","status":"publish","type":"post","link":"https:\/\/armstrongyregion.com.ar\/diario\/marcelo-de-santa-brigida-y-daniel-ordonez-referentes-de-sitram-canada-de-gomez\/","title":{"rendered":"Marcelo De Santa Brigida y Daniel Ordo\u00f1ez, referentes de Sitram Ca\u00f1ada de G\u00f3mez."},"content":{"rendered":"<p><em><a href=\"http:\/\/armstrongyregion.com.ar\/diario\/wp-content\/uploads\/2015\/12\/Marcelo-Santabrigida.jpg\"><img loading=\"lazy\" decoding=\"async\" class=\"alignnone size-medium wp-image-5559\" src=\"http:\/\/armstrongyregion.com.ar\/diario\/wp-content\/uploads\/2015\/12\/Marcelo-Santabrigida-300x200.jpg\" alt=\"Marcelo-Santabrigida\" width=\"300\" height=\"200\" srcset=\"https:\/\/armstrongyregion.com.ar\/diario\/wp-content\/uploads\/2015\/12\/Marcelo-Santabrigida-300x200.jpg 300w, https:\/\/armstrongyregion.com.ar\/diario\/wp-content\/uploads\/2015\/12\/Marcelo-Santabrigida.jpg 768w\" sizes=\"auto, (max-width: 300px) 100vw, 300px\" \/><\/a>Un grupo de trabajadores municipales de Armstrong desean dejar al SITRAM de Ca\u00f1ada de G\u00f3mez y mudar su afiliaci\u00f3n al de Las Rosas, cuales son las razones, que intereses est\u00e1n en juego, lo explican los secretarios general y gremial de SIMTRAM Ca\u00f1ada, Marcelo De Santa Brigida y Daniel Ordo\u00f1ez, respectivamente.<\/em><\/p>\n","protected":false},"excerpt":{"rendered":"<p>Un grupo de trabajadores municipales de Armstrong desean dejar al SITRAM de Ca\u00f1ada de G\u00f3mez y mudar su afiliaci\u00f3n al de Las Rosas, cuales son las razones, que intereses est\u00e1n en juego, lo explican los secretarios general y gremial de SIMTRAM Ca\u00f1ada, Marcelo De Santa Brigida y Daniel Ordo\u00f1ez, respectivamente.<\/p>\n","protected":false},"author":2,"featured_media":5559,"comment_status":"open","ping_status":"open","sticky":false,"template":"","format":"standard","meta":{"_jetpack_memberships_contains_paid_content":false,"footnotes":"","jetpack_publicize_message":"","jetpack_publicize_feature_enabled":true,"jetpack_social_post_already_shared":false,"jetpack_social_options":{"image_generator_settings":{"template":"highway","default_image_id":0,"enabled":false},"version":2}},"categories":[8,1,2,3],"tags":[3300,19,298,399,2562],"class_list":["post-5558","post","type-post","status-publish","format-standard","has-post-thumbnail","hentry","category-deliberando","category-diario-armstrong","category-locales","category-region","tag-brigida","tag-de","tag-marcelo","tag-santa","tag-sitram"],"jetpack_publicize_connections":[],"jetpack_featured_media_url":"https:\/\/armstrongyregion.com.ar\/diario\/wp-content\/uploads\/2015\/12\/Marcelo-Santabrigida.jpg","jetpack_shortlink":"https:\/\/wp.me\/p62QDO-1rE","jetpack_sharing_enabled":true,"amp_enabled":true,"_links":{"self":[{"href":"https:\/\/armstrongyregion.com.ar\/diario\/wp-json\/wp\/v2\/posts\/5558","targetHints":{"allow":["GET"]}}],"collection":[{"href":"https:\/\/armstrongyregion.com.ar\/diario\/wp-json\/wp\/v2\/posts"}],"about":[{"href":"https:\/\/armstrongyregion.com.ar\/diario\/wp-json\/wp\/v2\/types\/post"}],"author":[{"embeddable":true,"href":"https:\/\/armstrongyregion.com.ar\/diario\/wp-json\/wp\/v2\/users\/2"}],"replies":[{"embeddable":true,"href":"https:\/\/armstrongyregion.com.ar\/diario\/wp-json\/wp\/v2\/comments?post=5558"}],"version-history":[{"count":0,"href":"https:\/\/armstrongyregion.com.ar\/diario\/wp-json\/wp\/v2\/posts\/5558\/revisions"}],"wp:featuredmedia":[{"embeddable":true,"href":"https:\/\/armstrongyregion.com.ar\/diario\/wp-json\/wp\/v2\/media\/5559"}],"wp:attachment":[{"href":"https:\/\/armstrongyregion.com.ar\/diario\/wp-json\/wp\/v2\/media?parent=5558"}],"wp:term":[{"taxonomy":"category","embeddable":true,"href":"https:\/\/armstrongyregion.com.ar\/diario\/wp-json\/wp\/v2\/categories?post=5558"},{"taxonomy":"post_tag","embeddable":true,"href":"https:\/\/armstrongyregion.com.ar\/diario\/wp-json\/wp\/v2\/tags?post=5558"}],"curies":[{"name":"wp","href":"https:\/\/api.w.org\/{rel}","templated":true}]}}