{"id":5547,"date":"2015-12-19T00:22:58","date_gmt":"2015-12-19T00:22:58","guid":{"rendered":"https:\/\/armstrongyregion.com.ar\/diario\/?p=5547"},"modified":"2015-12-19T00:22:58","modified_gmt":"2015-12-19T00:22:58","slug":"la-localidad-de-correa-recupero-su-cine","status":"publish","type":"post","link":"https:\/\/armstrongyregion.com.ar\/diario\/la-localidad-de-correa-recupero-su-cine\/","title":{"rendered":"La localidad de Correa recuper\u00f3 su cine."},"content":{"rendered":"<p><a href=\"http:\/\/armstrongyregion.com.ar\/diario\/wp-content\/uploads\/2015\/12\/fabricacultural3.jpg\"><img loading=\"lazy\" decoding=\"async\" class=\"alignnone size-medium wp-image-5548\" src=\"http:\/\/armstrongyregion.com.ar\/diario\/wp-content\/uploads\/2015\/12\/fabricacultural3-300x169.jpg\" alt=\"fabricacultural3\" width=\"300\" height=\"169\" srcset=\"https:\/\/armstrongyregion.com.ar\/diario\/wp-content\/uploads\/2015\/12\/fabricacultural3-300x169.jpg 300w, https:\/\/armstrongyregion.com.ar\/diario\/wp-content\/uploads\/2015\/12\/fabricacultural3.jpg 768w\" sizes=\"auto, (max-width: 300px) 100vw, 300px\" \/><\/a>La Biblioteca Popular Correa inaugur\u00f3 su cine propio, el pasado jueves, en las instalaciones de su sede social. Esta iniciativa se encuentra enmarcada en un proyecto m\u00e1s amplio denominado \u201cLa Biblio, F\u00e1brica Cultural\u201d, que buscar\u00e1 socializar los medios de producci\u00f3n y difusi\u00f3n culturales. \u201cEl equipamiento adquirido va a estar a disposici\u00f3n de todos los vecinos de la localidad en forma gratuita democratizando, as\u00ed, el acceso a la tecnolog\u00eda y a todo lo necesario para llevar adelante cualquier disciplina cultural\u201d, explic\u00f3 Esteban Sisiani, presidente de la instituci\u00f3n<\/p>\n<p>Con una nutrida concurrencia, entre las que destacaba la presencia de Diego Mansilla recientemente electo Parlamentario del Mercosur por la Provincia de Santa Fe y Marcela Geminale del equipo de la Diputada Nacional Claudia Giaccone, se llev\u00f3 adelante la primera proyecci\u00f3n de un corto de producci\u00f3n nacional desde la plataforma de video bajo demanda ODEON.<\/p>\n<p>\u201cEstamos logrando ampliar la oferta educativa de la Biblioteca hacia otras disciplinas como el cine y la m\u00fasica. Lo importante es que hemos logrado adquirir la infraestructura que tiene una vida \u00fatil de varios a\u00f1os y quedar\u00e1 a disposici\u00f3n de todo el pueblo\u201d, dijo Sisiani.<\/p>\n<p>Desde la instituci\u00f3n buscan que el funcionamiento del cine sea \u201cparticipativo\u201d. Seg\u00fan explicaron desde la Comisi\u00f3n Directiva, en los pr\u00f3ximos meses se abrir\u00e1 un registro donde los ciudadanos van a poder proponer qu\u00e9 pel\u00edcula quieren ver y, a partir de esto, armar la cartelera.<\/p>\n<p>\u201cEn este proyecto es necesaria la participaci\u00f3n de todos los ciudadanos. La biblioteca tiene ra\u00edces populares y esto quiere decir que es de todo Correa. Este aporte es para todo el pueblo y esperamos que los disfrute\u201d, concluy\u00f3 Sisiani<\/p>\n","protected":false},"excerpt":{"rendered":"<p>La Biblioteca Popular Correa inaugur\u00f3 su cine propio, el pasado jueves, en las instalaciones de su sede social. Esta iniciativa se encuentra enmarcada en un proyecto m\u00e1s amplio denominado \u201cLa Biblio, F\u00e1brica Cultural\u201d, que buscar\u00e1 socializar los medios de producci\u00f3n y difusi\u00f3n culturales. \u201cEl equipamiento adquirido va a estar a disposici\u00f3n de todos los vecinos <a href=\"https:\/\/armstrongyregion.com.ar\/diario\/la-localidad-de-correa-recupero-su-cine\/\" title=\"Read more\" >&#8230;<\/a><\/p>\n","protected":false},"author":2,"featured_media":5548,"comment_status":"open","ping_status":"open","sticky":false,"template":"","format":"standard","meta":{"_jetpack_memberships_contains_paid_content":false,"footnotes":"","jetpack_publicize_message":"","jetpack_publicize_feature_enabled":true,"jetpack_social_post_already_shared":false,"jetpack_social_options":{"image_generator_settings":{"template":"highway","default_image_id":0,"enabled":false},"version":2}},"categories":[6,1,7,3],"tags":[],"class_list":["post-5547","post","type-post","status-publish","format-standard","has-post-thumbnail","hentry","category-cultura-entretenimiento","category-diario-armstrong","category-politica","category-region"],"jetpack_publicize_connections":[],"jetpack_featured_media_url":"https:\/\/armstrongyregion.com.ar\/diario\/wp-content\/uploads\/2015\/12\/fabricacultural3.jpg","jetpack_shortlink":"https:\/\/wp.me\/p62QDO-1rt","jetpack_sharing_enabled":true,"amp_enabled":true,"_links":{"self":[{"href":"https:\/\/armstrongyregion.com.ar\/diario\/wp-json\/wp\/v2\/posts\/5547","targetHints":{"allow":["GET"]}}],"collection":[{"href":"https:\/\/armstrongyregion.com.ar\/diario\/wp-json\/wp\/v2\/posts"}],"about":[{"href":"https:\/\/armstrongyregion.com.ar\/diario\/wp-json\/wp\/v2\/types\/post"}],"author":[{"embeddable":true,"href":"https:\/\/armstrongyregion.com.ar\/diario\/wp-json\/wp\/v2\/users\/2"}],"replies":[{"embeddable":true,"href":"https:\/\/armstrongyregion.com.ar\/diario\/wp-json\/wp\/v2\/comments?post=5547"}],"version-history":[{"count":0,"href":"https:\/\/armstrongyregion.com.ar\/diario\/wp-json\/wp\/v2\/posts\/5547\/revisions"}],"wp:featuredmedia":[{"embeddable":true,"href":"https:\/\/armstrongyregion.com.ar\/diario\/wp-json\/wp\/v2\/media\/5548"}],"wp:attachment":[{"href":"https:\/\/armstrongyregion.com.ar\/diario\/wp-json\/wp\/v2\/media?parent=5547"}],"wp:term":[{"taxonomy":"category","embeddable":true,"href":"https:\/\/armstrongyregion.com.ar\/diario\/wp-json\/wp\/v2\/categories?post=5547"},{"taxonomy":"post_tag","embeddable":true,"href":"https:\/\/armstrongyregion.com.ar\/diario\/wp-json\/wp\/v2\/tags?post=5547"}],"curies":[{"name":"wp","href":"https:\/\/api.w.org\/{rel}","templated":true}]}}