{"id":5536,"date":"2015-12-18T23:58:50","date_gmt":"2015-12-18T23:58:50","guid":{"rendered":"https:\/\/armstrongyregion.com.ar\/diario\/?p=5536"},"modified":"2015-12-18T23:58:50","modified_gmt":"2015-12-18T23:58:50","slug":"mansilla-informo-las-resoluciones-de-la-sesion-ordinaria-del-parlamento-del-mercosur","status":"publish","type":"post","link":"https:\/\/armstrongyregion.com.ar\/diario\/mansilla-informo-las-resoluciones-de-la-sesion-ordinaria-del-parlamento-del-mercosur\/","title":{"rendered":"Mansilla inform\u00f3 las resoluciones de la sesi\u00f3n ordinaria del Parlamento del Mercosur."},"content":{"rendered":"<p><a href=\"http:\/\/armstrongyregion.com.ar\/diario\/wp-content\/uploads\/2015\/12\/diego-mansilla-en-sesi\u00f3n-parlasur.jpg\"><img loading=\"lazy\" decoding=\"async\" class=\"alignnone size-medium wp-image-5537\" src=\"http:\/\/armstrongyregion.com.ar\/diario\/wp-content\/uploads\/2015\/12\/diego-mansilla-en-sesi\u00f3n-parlasur-300x169.jpg\" alt=\"diego mansilla en sesi\u00f3n parlasur\" width=\"300\" height=\"169\" srcset=\"https:\/\/armstrongyregion.com.ar\/diario\/wp-content\/uploads\/2015\/12\/diego-mansilla-en-sesi\u00f3n-parlasur-300x169.jpg 300w, https:\/\/armstrongyregion.com.ar\/diario\/wp-content\/uploads\/2015\/12\/diego-mansilla-en-sesi\u00f3n-parlasur.jpg 768w\" sizes=\"auto, (max-width: 300px) 100vw, 300px\" \/><\/a>\u201cHay un ritmo de trabajo acorde a la importancia de consolidar la Patria Grande\u201d<br \/>\n\u201cNos encontramos con un ritmo de trabajo acorde a la importancia de este cuerpo y su desaf\u00edo de sostener y consolidar la unidad de la Patria Grande\u201d, dijo Diego Mansilla, al informar sobre los temas aprobados en la primera sesi\u00f3n del Parlasur, en la que prestaron juramento los 43 integrantes argentinos surgidos de las elecciones de octubre pasado.<br \/>\n\u201cUna de las decisiones en esta primera sesi\u00f3n fue la designaci\u00f3n de Jorge Taiana como Presidente del Parlamento para el per\u00edodo 2016, con 74 votos afirmativos, incluidos los de los legisladores argentinos del Frente para la Victoria, m\u00e1s los de UNA\/Frente Renovador y el representante de Compromiso Federal (con la abstenci\u00f3n de Cambiemos). En esto se tuvo en cuenta la importancia de respetar la voluntad del pueblo argentino expresada en las elecciones de octubre, que Taiana fue el canciller que firm\u00f3 por Argentina el acta constitutiva del Parlamento en en el a\u00f1o 2005 y que al FPV pertenecemos la amplia mayor\u00eda de los representantes de nuestro pa\u00eds, 28 sobre 43\u201d, inform\u00f3 Mansilla.<br \/>\n\u201cTambi\u00e9n se aprob\u00f3 un proyecto para la adopci\u00f3n de los principios b\u00e1sicos de reestructuraci\u00f3n de deuda soberana, para que cada Estado parte del Mercosur lo incorpore en sus ordenamientos jur\u00eddicos internos\u201d, agreg\u00f3.<br \/>\nOtras de las resoluciones fueron \u201cla aprobaci\u00f3n de proyectos del Fondo de Convergencia Estructural del Mercosur (FOCEM) para obras de infraestructura en Clorinda (Formosa) y Namawa, en Paraguay, consistente en obras viales, aduanas y puertos; y para la creaci\u00f3n de centros de rehabilitaci\u00f3n de adicciones en zonas de triples fronteras en el Mercosur\u201d, indic\u00f3 Mansilla.<br \/>\nEn tanto, continu\u00f3, el \u00faltimo tema tratado y aprobado fue \u201cuna recomendaci\u00f3n para que Brasil informe sobre el impacto ambiental como consecuencia de la construcci\u00f3n de centrales hidroel\u00e9ctricas\u201d.<br \/>\n\u201cCon nuestros compa\u00f1eros de bloque del Frente para la Victoria y de fuerzas pol\u00edticas afines de Uruguay, Brasil. Paraguay, Venezuela y Bolivia nos sentimos muy c\u00f3modos trabajando juntos; y a la vez nos comprometimos a redoblar nuestros esfuerzos para avanzar en la integraci\u00f3n en beneficio de nuestros pueblos\u201d, destac\u00f3 Mansilla.<\/p>\n","protected":false},"excerpt":{"rendered":"<p>\u201cHay un ritmo de trabajo acorde a la importancia de consolidar la Patria Grande\u201d \u201cNos encontramos con un ritmo de trabajo acorde a la importancia de este cuerpo y su desaf\u00edo de sostener y consolidar la unidad de la Patria Grande\u201d, dijo Diego Mansilla, al informar sobre los temas aprobados en la primera sesi\u00f3n del <a href=\"https:\/\/armstrongyregion.com.ar\/diario\/mansilla-informo-las-resoluciones-de-la-sesion-ordinaria-del-parlamento-del-mercosur\/\" title=\"Read more\" >&#8230;<\/a><\/p>\n","protected":false},"author":2,"featured_media":5537,"comment_status":"open","ping_status":"open","sticky":false,"template":"","format":"standard","meta":{"_jetpack_memberships_contains_paid_content":false,"footnotes":"","jetpack_publicize_message":"","jetpack_publicize_feature_enabled":true,"jetpack_social_post_already_shared":false,"jetpack_social_options":{"image_generator_settings":{"template":"highway","default_image_id":0,"enabled":false},"version":2}},"categories":[1,7,3],"tags":[990,991,2436,2534],"class_list":["post-5536","post","type-post","status-publish","format-standard","has-post-thumbnail","hentry","category-diario-armstrong","category-politica","category-region","tag-diego","tag-mansilla","tag-mercosur","tag-sesion"],"jetpack_publicize_connections":[],"jetpack_featured_media_url":"https:\/\/armstrongyregion.com.ar\/diario\/wp-content\/uploads\/2015\/12\/diego-mansilla-en-sesi\u00f3n-parlasur.jpg","jetpack_shortlink":"https:\/\/wp.me\/p62QDO-1ri","jetpack_sharing_enabled":true,"amp_enabled":true,"_links":{"self":[{"href":"https:\/\/armstrongyregion.com.ar\/diario\/wp-json\/wp\/v2\/posts\/5536","targetHints":{"allow":["GET"]}}],"collection":[{"href":"https:\/\/armstrongyregion.com.ar\/diario\/wp-json\/wp\/v2\/posts"}],"about":[{"href":"https:\/\/armstrongyregion.com.ar\/diario\/wp-json\/wp\/v2\/types\/post"}],"author":[{"embeddable":true,"href":"https:\/\/armstrongyregion.com.ar\/diario\/wp-json\/wp\/v2\/users\/2"}],"replies":[{"embeddable":true,"href":"https:\/\/armstrongyregion.com.ar\/diario\/wp-json\/wp\/v2\/comments?post=5536"}],"version-history":[{"count":0,"href":"https:\/\/armstrongyregion.com.ar\/diario\/wp-json\/wp\/v2\/posts\/5536\/revisions"}],"wp:featuredmedia":[{"embeddable":true,"href":"https:\/\/armstrongyregion.com.ar\/diario\/wp-json\/wp\/v2\/media\/5537"}],"wp:attachment":[{"href":"https:\/\/armstrongyregion.com.ar\/diario\/wp-json\/wp\/v2\/media?parent=5536"}],"wp:term":[{"taxonomy":"category","embeddable":true,"href":"https:\/\/armstrongyregion.com.ar\/diario\/wp-json\/wp\/v2\/categories?post=5536"},{"taxonomy":"post_tag","embeddable":true,"href":"https:\/\/armstrongyregion.com.ar\/diario\/wp-json\/wp\/v2\/tags?post=5536"}],"curies":[{"name":"wp","href":"https:\/\/api.w.org\/{rel}","templated":true}]}}