{"id":5523,"date":"2015-12-17T22:01:51","date_gmt":"2015-12-17T22:01:51","guid":{"rendered":"https:\/\/armstrongyregion.com.ar\/diario\/?p=5523"},"modified":"2015-12-17T22:01:51","modified_gmt":"2015-12-17T22:01:51","slug":"giaccone-y-eggimann-aprobaron-el-presupuesto-2016","status":"publish","type":"post","link":"https:\/\/armstrongyregion.com.ar\/diario\/giaccone-y-eggimann-aprobaron-el-presupuesto-2016\/","title":{"rendered":"Giaccone y Eggimann aprobaron el presupuesto 2016."},"content":{"rendered":"<p><a href=\"http:\/\/armstrongyregion.com.ar\/diario\/wp-content\/uploads\/2015\/12\/CG-Eggimann2.jpg\"><img loading=\"lazy\" decoding=\"async\" class=\"alignnone size-medium wp-image-5524\" src=\"http:\/\/armstrongyregion.com.ar\/diario\/wp-content\/uploads\/2015\/12\/CG-Eggimann2-300x238.jpg\" alt=\"CG-Eggimann2\" width=\"300\" height=\"238\" srcset=\"https:\/\/armstrongyregion.com.ar\/diario\/wp-content\/uploads\/2015\/12\/CG-Eggimann2-300x238.jpg 300w, https:\/\/armstrongyregion.com.ar\/diario\/wp-content\/uploads\/2015\/12\/CG-Eggimann2.jpg 768w\" sizes=\"auto, (max-width: 300px) 100vw, 300px\" \/><\/a>El bloque legislativo \u00abJuntos por Santa Fe\u00bb de la C\u00e1mara de Diputados santafesina, que integran los diputados Claudia Giaccone y Julio Eggimann del Frente Justicialista para la Victoria (FJpV), acompa\u00f1aron en general la aprobaci\u00f3n del presupuesto provincial 2016, pero su voto fue negativo al aumento a las al\u00edcuotas de Ingresos Brutos y el Impuesto de Sellos.<br \/>\n\u201cNuestro voto negativo en estos item se debi\u00f3 a las demandas que nos acercaron sectores de la producci\u00f3n y comerciales, que nos expresaron su preocupaci\u00f3n por los \u00faltimos aumentos de precios y la devaluaci\u00f3n que decret\u00f3 el gobierno nacional, como as\u00ed tambi\u00e9n la apertura a las importaciones\u201d, se\u00f1al\u00f3 Giaccone. Y agreg\u00f3 que \u201csumarles a estos sectores una carga fiscal mayor es generarles un panorama muy desalentador que pone a la industria y al comercio de la provincia de Santa Fe en una situaci\u00f3n muy preocupante\u201d<br \/>\nImpuesto inmobiliario Rural y Urbano<br \/>\nAsimismo, Giaccone y Eggimann plantearon modificaciones al impuesto inmobiliario Rural y Urbano proponiendo al\u00edcuotas m\u00e1s bajas en todas las categor\u00edas, especialmente las dos primeras \u201cpara no afectar con cargas importantes a los sectores de menor capacidad contributiva\u201d, explic\u00f3 Giaccone.<br \/>\nPor lo pronto, este aval\u00fao fiscal recibi\u00f3 media sanci\u00f3n y pas\u00f3 al Senado.<br \/>\nPr\u00f3rroga a la Emergencia en Seguridad P\u00fablica<br \/>\nEn este sentido, el diputado Eggimann aclar\u00f3 que \u201cle dimos nuestro apoyo al Ejecutivo acompa\u00f1ando el pedido de pr\u00f3rroga, porque sentimos que precisa de las herramientas necesarias para encarar un tema tan sensible como es la seguridad\u201d.<br \/>\nContinu\u00f3 diciendo que su acompa\u00f1amiento \u201cfue con la condici\u00f3n expresa de conocer como se ejecutan las disposiciones en ese \u00e1rea. Hay cosas que no se han hecho, otras se hicieron mal, por eso mas all\u00e1 de entender que el Ejecutivo necesita la emergencia para combatir el delito, como bloque seremos muy celosos controladores de c\u00f3mo se desempe\u00f1en de ahora en m\u00e1s, porque la poblaci\u00f3n requiere de pol\u00edticas acertadas para frenar la gran ola de inseguridad que atraviesa la provincia, en especial las grandes urbes como Rosario\u201d, se\u00f1al\u00f3 el legislador del bloque \u00abJuntos por Santa Fe\u00bb.<\/p>\n","protected":false},"excerpt":{"rendered":"<p>El bloque legislativo \u00abJuntos por Santa Fe\u00bb de la C\u00e1mara de Diputados santafesina, que integran los diputados Claudia Giaccone y Julio Eggimann del Frente Justicialista para la Victoria (FJpV), acompa\u00f1aron en general la aprobaci\u00f3n del presupuesto provincial 2016, pero su voto fue negativo al aumento a las al\u00edcuotas de Ingresos Brutos y el Impuesto de <a href=\"https:\/\/armstrongyregion.com.ar\/diario\/giaccone-y-eggimann-aprobaron-el-presupuesto-2016\/\" title=\"Read more\" >&#8230;<\/a><\/p>\n","protected":false},"author":2,"featured_media":5524,"comment_status":"open","ping_status":"open","sticky":false,"template":"","format":"standard","meta":{"_jetpack_memberships_contains_paid_content":false,"footnotes":"","jetpack_publicize_message":"","jetpack_publicize_feature_enabled":true,"jetpack_social_post_already_shared":false,"jetpack_social_options":{"image_generator_settings":{"template":"highway","default_image_id":0,"enabled":false},"version":2}},"categories":[1,7,3],"tags":[3115,3292,3291,16,1019,3114,13],"class_list":["post-5523","post","type-post","status-publish","format-standard","has-post-thumbnail","hentry","category-diario-armstrong","category-politica","category-region","tag-3115","tag-aprobaron","tag-eggimann","tag-el","tag-giaccone","tag-presupuesto","tag-y"],"jetpack_publicize_connections":[],"jetpack_featured_media_url":"https:\/\/armstrongyregion.com.ar\/diario\/wp-content\/uploads\/2015\/12\/CG-Eggimann2.jpg","jetpack_shortlink":"https:\/\/wp.me\/p62QDO-1r5","jetpack_sharing_enabled":true,"amp_enabled":true,"_links":{"self":[{"href":"https:\/\/armstrongyregion.com.ar\/diario\/wp-json\/wp\/v2\/posts\/5523","targetHints":{"allow":["GET"]}}],"collection":[{"href":"https:\/\/armstrongyregion.com.ar\/diario\/wp-json\/wp\/v2\/posts"}],"about":[{"href":"https:\/\/armstrongyregion.com.ar\/diario\/wp-json\/wp\/v2\/types\/post"}],"author":[{"embeddable":true,"href":"https:\/\/armstrongyregion.com.ar\/diario\/wp-json\/wp\/v2\/users\/2"}],"replies":[{"embeddable":true,"href":"https:\/\/armstrongyregion.com.ar\/diario\/wp-json\/wp\/v2\/comments?post=5523"}],"version-history":[{"count":0,"href":"https:\/\/armstrongyregion.com.ar\/diario\/wp-json\/wp\/v2\/posts\/5523\/revisions"}],"wp:featuredmedia":[{"embeddable":true,"href":"https:\/\/armstrongyregion.com.ar\/diario\/wp-json\/wp\/v2\/media\/5524"}],"wp:attachment":[{"href":"https:\/\/armstrongyregion.com.ar\/diario\/wp-json\/wp\/v2\/media?parent=5523"}],"wp:term":[{"taxonomy":"category","embeddable":true,"href":"https:\/\/armstrongyregion.com.ar\/diario\/wp-json\/wp\/v2\/categories?post=5523"},{"taxonomy":"post_tag","embeddable":true,"href":"https:\/\/armstrongyregion.com.ar\/diario\/wp-json\/wp\/v2\/tags?post=5523"}],"curies":[{"name":"wp","href":"https:\/\/api.w.org\/{rel}","templated":true}]}}