{"id":551,"date":"2015-01-23T11:57:07","date_gmt":"2015-01-23T11:57:07","guid":{"rendered":"https:\/\/armstrongyregion.com.ar\/diario\/?p=551"},"modified":"2015-01-23T11:57:07","modified_gmt":"2015-01-23T11:57:07","slug":"adeo-y-sport-jugaran-el-clasico-en-la-pretemporada","status":"publish","type":"post","link":"https:\/\/armstrongyregion.com.ar\/diario\/adeo-y-sport-jugaran-el-clasico-en-la-pretemporada\/","title":{"rendered":"Adeo y Sport jugaran el cl\u00e1sico en la pretemporada."},"content":{"rendered":"<p><a href=\"http:\/\/armstrongyregion.com.ar\/diario\/wp-content\/uploads\/2015\/01\/IMG_6490.jpg\"><img loading=\"lazy\" decoding=\"async\" class=\"alignnone size-medium wp-image-552\" src=\"http:\/\/armstrongyregion.com.ar\/diario\/wp-content\/uploads\/2015\/01\/IMG_6490-300x200.jpg\" alt=\"Adeo y Sport\" width=\"300\" height=\"200\" srcset=\"https:\/\/armstrongyregion.com.ar\/diario\/wp-content\/uploads\/2015\/01\/IMG_6490-300x200.jpg 300w, https:\/\/armstrongyregion.com.ar\/diario\/wp-content\/uploads\/2015\/01\/IMG_6490.jpg 600w\" sizes=\"auto, (max-width: 300px) 100vw, 300px\" \/><\/a>Ser\u00e1 con auspicio del municipio los d\u00edas 8 y 16 de febrero. Los partidos fueron presentados por los presidentes de las instituciones y<br \/>\nla intendenta Cl\u00e9rici.<\/p>\n<p>En el marco de la pretemporada previa al inicio del torneo oficial de la Liga Ca\u00f1adense de F\u00fatbol, Adeo y Sport disputar\u00e1n el cl\u00e1sico, con<br \/>\nauspicio del municipio, el domingo 8 y lunes 16 de febrero.<br \/>\nLos presidentes de las instituciones junto a la intendenta Stella<br \/>\nCl\u00e9rici hicieron el anuncio, destacando la iniciativa de fomentar el<br \/>\ndeporte y la no violencia. En tanto, la mandataria municipal expres\u00f3<br \/>\n\u201chemos acompa\u00f1ado en particular a estos clubes en el los festejos por el<br \/>\ncentenario y en cada actividad que plantean. En este caso tambi\u00e9n vamos<br \/>\na dar nuestro acompa\u00f1amiento en la difusi\u00f3n, apoyo econ\u00f3mico para cubrir<br \/>\nparte del operativo de seguridad y aquello que est\u00e9 a nuestro alcance\u201d.<br \/>\nEl primer encuentro ser\u00e1 en Sport y el segundo en Adeo. La entrada<br \/>\ngeneral tendr\u00e1 un valor de cincuenta pesos, jubilados y deportistas de<br \/>\nlos clubes pagar\u00e1n treinta.<\/p>\n","protected":false},"excerpt":{"rendered":"<p>Ser\u00e1 con auspicio del municipio los d\u00edas 8 y 16 de febrero. Los partidos fueron presentados por los presidentes de las instituciones y la intendenta Cl\u00e9rici. En el marco de la pretemporada previa al inicio del torneo oficial de la Liga Ca\u00f1adense de F\u00fatbol, Adeo y Sport disputar\u00e1n el cl\u00e1sico, con auspicio del municipio, el <a href=\"https:\/\/armstrongyregion.com.ar\/diario\/adeo-y-sport-jugaran-el-clasico-en-la-pretemporada\/\" title=\"Read more\" >&#8230;<\/a><\/p>\n","protected":false},"author":2,"featured_media":552,"comment_status":"open","ping_status":"open","sticky":false,"template":"","format":"standard","meta":{"_jetpack_memberships_contains_paid_content":false,"footnotes":"","jetpack_publicize_message":"","jetpack_publicize_feature_enabled":true,"jetpack_social_post_already_shared":false,"jetpack_social_options":{"image_generator_settings":{"template":"highway","default_image_id":0,"enabled":false},"version":2}},"categories":[5,1,3],"tags":[530,532,16,15,531,31,533,268,13],"class_list":["post-551","post","type-post","status-publish","format-standard","has-post-thumbnail","hentry","category-deportes","category-diario-armstrong","category-region","tag-adeo","tag-clasico","tag-el","tag-en","tag-jugaran","tag-la","tag-pretemporada","tag-sport","tag-y"],"jetpack_publicize_connections":[],"jetpack_featured_media_url":"https:\/\/armstrongyregion.com.ar\/diario\/wp-content\/uploads\/2015\/01\/IMG_6490.jpg","jetpack_shortlink":"https:\/\/wp.me\/p62QDO-8T","jetpack_sharing_enabled":true,"amp_enabled":true,"_links":{"self":[{"href":"https:\/\/armstrongyregion.com.ar\/diario\/wp-json\/wp\/v2\/posts\/551","targetHints":{"allow":["GET"]}}],"collection":[{"href":"https:\/\/armstrongyregion.com.ar\/diario\/wp-json\/wp\/v2\/posts"}],"about":[{"href":"https:\/\/armstrongyregion.com.ar\/diario\/wp-json\/wp\/v2\/types\/post"}],"author":[{"embeddable":true,"href":"https:\/\/armstrongyregion.com.ar\/diario\/wp-json\/wp\/v2\/users\/2"}],"replies":[{"embeddable":true,"href":"https:\/\/armstrongyregion.com.ar\/diario\/wp-json\/wp\/v2\/comments?post=551"}],"version-history":[{"count":0,"href":"https:\/\/armstrongyregion.com.ar\/diario\/wp-json\/wp\/v2\/posts\/551\/revisions"}],"wp:featuredmedia":[{"embeddable":true,"href":"https:\/\/armstrongyregion.com.ar\/diario\/wp-json\/wp\/v2\/media\/552"}],"wp:attachment":[{"href":"https:\/\/armstrongyregion.com.ar\/diario\/wp-json\/wp\/v2\/media?parent=551"}],"wp:term":[{"taxonomy":"category","embeddable":true,"href":"https:\/\/armstrongyregion.com.ar\/diario\/wp-json\/wp\/v2\/categories?post=551"},{"taxonomy":"post_tag","embeddable":true,"href":"https:\/\/armstrongyregion.com.ar\/diario\/wp-json\/wp\/v2\/tags?post=551"}],"curies":[{"name":"wp","href":"https:\/\/api.w.org\/{rel}","templated":true}]}}