{"id":5506,"date":"2015-12-16T22:29:32","date_gmt":"2015-12-16T22:29:32","guid":{"rendered":"https:\/\/armstrongyregion.com.ar\/diario\/?p=5506"},"modified":"2015-12-16T22:29:32","modified_gmt":"2015-12-16T22:29:32","slug":"la-ucr-se-reunio-con-el-presidente-de-la-nacion","status":"publish","type":"post","link":"https:\/\/armstrongyregion.com.ar\/diario\/la-ucr-se-reunio-con-el-presidente-de-la-nacion\/","title":{"rendered":"La UCR se reunio con el presidente de la Naci\u00f3n."},"content":{"rendered":"<p><a href=\"http:\/\/armstrongyregion.com.ar\/diario\/wp-content\/uploads\/2015\/12\/mauricio-macri-y-ucr.jpg\"><img loading=\"lazy\" decoding=\"async\" class=\"alignnone size-medium wp-image-5507\" src=\"http:\/\/armstrongyregion.com.ar\/diario\/wp-content\/uploads\/2015\/12\/mauricio-macri-y-ucr-300x173.jpg\" alt=\"mauricio-macri-y-ucr\" width=\"300\" height=\"173\" srcset=\"https:\/\/armstrongyregion.com.ar\/diario\/wp-content\/uploads\/2015\/12\/mauricio-macri-y-ucr-300x173.jpg 300w, https:\/\/armstrongyregion.com.ar\/diario\/wp-content\/uploads\/2015\/12\/mauricio-macri-y-ucr.jpg 728w\" sizes=\"auto, (max-width: 300px) 100vw, 300px\" \/><\/a>En el encuentro, Corral propuso avanzar con un acuerdo social para incentivar el crecimiento del pa\u00eds y enfrentar los problemas de la econom\u00eda<\/p>\n<p>El titular de la UCR e intendente de la ciudad de Santa Fe, Jos\u00e9 Corral, se reuni\u00f3 hoy con el presidente de la Naci\u00f3n, Mauricio Macri, para presentarle a la nueva conducci\u00f3n del radicalismo nacional.<\/p>\n<p>Al finalizar el encuentro, Corral asegur\u00f3 que \u201cnos sentimos protagonistas de esta nueva experiencia de gobierno que ha generado tanta expectativas en nuestro pa\u00eds\u201d.<\/p>\n<p>\u201cVinimos a plantear nuestro apoyo concreto a esta nueva relaci\u00f3n entre la Naci\u00f3n, las provincias y los municipios, que ser\u00e1 un incentivo para la concreci\u00f3n de inversiones y obras p\u00fablicas\u201d, sostuvo el intendente santafesino y a\u00f1adi\u00f3: \u201cLe propusimos avanzar en un acuerdo social respecto del crecimiento del pa\u00eds y frente a los problemas por los que atraviesa la econom\u00eda\u201d.<\/p>\n<p>En otro sentido, frente a la consulta de un medio de comunicaci\u00f3n, Corral respald\u00f3 las candidaturas presentadas para cubrir las vacantes en la Corte Suprema y subray\u00f3 que \u201cson dos juristas muy prestigiosos, citados muchas veces en los fallos de la Corte\u201d.<\/p>\n<p>\u201cEl presidente ha hecho una evaluaci\u00f3n de la oportunidad para esta propuesta y nosotros apoyamos esa decisi\u00f3n y que en el transcurso del a\u00f1o legislativo ser\u00e1 analizada por el Congreso de la Naci\u00f3n\u201d, enfatiz\u00f3 el l\u00edder de la UCR.<\/p>\n<p>Junto a Corral estuvieron presentes, los vicepresidentes del radicalismo, Ra\u00fal Jorge, Silvia El\u00edas de P\u00e9rez y Sergio Pinto; los titulares de los bloques parlamentarios de la UCR, \u00c1ngel Rozas y Mario Negri; los secretarios del Comit\u00e9 Nacional, Juan Nosiglia y Walter Ceballos; y el ex senador nacional, Ernesto Sanz. Por parte del gobierno participaron el Jefe de Gabinete, Marcos Pe\u00f1a; el ministro de Interior, Rogelio Frigerio; y el secretario general de la Presidencia, Fernando De Andreis.<\/p>\n","protected":false},"excerpt":{"rendered":"<p>En el encuentro, Corral propuso avanzar con un acuerdo social para incentivar el crecimiento del pa\u00eds y enfrentar los problemas de la econom\u00eda El titular de la UCR e intendente de la ciudad de Santa Fe, Jos\u00e9 Corral, se reuni\u00f3 hoy con el presidente de la Naci\u00f3n, Mauricio Macri, para presentarle a la nueva conducci\u00f3n <a href=\"https:\/\/armstrongyregion.com.ar\/diario\/la-ucr-se-reunio-con-el-presidente-de-la-nacion\/\" title=\"Read more\" >&#8230;<\/a><\/p>\n","protected":false},"author":2,"featured_media":5507,"comment_status":"open","ping_status":"open","sticky":false,"template":"","format":"standard","meta":{"_jetpack_memberships_contains_paid_content":false,"footnotes":"","jetpack_publicize_message":"","jetpack_publicize_feature_enabled":true,"jetpack_social_post_already_shared":false,"jetpack_social_options":{"image_generator_settings":{"template":"highway","default_image_id":0,"enabled":false},"version":2}},"categories":[1,2819,2,7],"tags":[100,19,16,31,3287,1750,343,86,598],"class_list":["post-5506","post","type-post","status-publish","format-standard","has-post-thumbnail","hentry","category-diario-armstrong","category-el-pais","category-locales","category-politica","tag-con","tag-de","tag-el","tag-la","tag-lanacion","tag-presidente","tag-reunio","tag-se","tag-ucr"],"jetpack_publicize_connections":[],"jetpack_featured_media_url":"https:\/\/armstrongyregion.com.ar\/diario\/wp-content\/uploads\/2015\/12\/mauricio-macri-y-ucr.jpg","jetpack_shortlink":"https:\/\/wp.me\/p62QDO-1qO","jetpack_sharing_enabled":true,"amp_enabled":true,"_links":{"self":[{"href":"https:\/\/armstrongyregion.com.ar\/diario\/wp-json\/wp\/v2\/posts\/5506","targetHints":{"allow":["GET"]}}],"collection":[{"href":"https:\/\/armstrongyregion.com.ar\/diario\/wp-json\/wp\/v2\/posts"}],"about":[{"href":"https:\/\/armstrongyregion.com.ar\/diario\/wp-json\/wp\/v2\/types\/post"}],"author":[{"embeddable":true,"href":"https:\/\/armstrongyregion.com.ar\/diario\/wp-json\/wp\/v2\/users\/2"}],"replies":[{"embeddable":true,"href":"https:\/\/armstrongyregion.com.ar\/diario\/wp-json\/wp\/v2\/comments?post=5506"}],"version-history":[{"count":0,"href":"https:\/\/armstrongyregion.com.ar\/diario\/wp-json\/wp\/v2\/posts\/5506\/revisions"}],"wp:featuredmedia":[{"embeddable":true,"href":"https:\/\/armstrongyregion.com.ar\/diario\/wp-json\/wp\/v2\/media\/5507"}],"wp:attachment":[{"href":"https:\/\/armstrongyregion.com.ar\/diario\/wp-json\/wp\/v2\/media?parent=5506"}],"wp:term":[{"taxonomy":"category","embeddable":true,"href":"https:\/\/armstrongyregion.com.ar\/diario\/wp-json\/wp\/v2\/categories?post=5506"},{"taxonomy":"post_tag","embeddable":true,"href":"https:\/\/armstrongyregion.com.ar\/diario\/wp-json\/wp\/v2\/tags?post=5506"}],"curies":[{"name":"wp","href":"https:\/\/api.w.org\/{rel}","templated":true}]}}