{"id":5492,"date":"2015-12-16T15:54:35","date_gmt":"2015-12-16T15:54:35","guid":{"rendered":"https:\/\/armstrongyregion.com.ar\/diario\/?p=5492"},"modified":"2015-12-16T15:54:35","modified_gmt":"2015-12-16T15:54:35","slug":"municipio-y-centro-economico-avanzan-en-la-nueva-terminal-de-omnibus","status":"publish","type":"post","link":"https:\/\/armstrongyregion.com.ar\/diario\/municipio-y-centro-economico-avanzan-en-la-nueva-terminal-de-omnibus\/","title":{"rendered":"Municipio y Centro Econ\u00f3mico avanzan en la nueva terminal de \u00f3mnibus."},"content":{"rendered":"<p><a href=\"http:\/\/armstrongyregion.com.ar\/diario\/wp-content\/uploads\/2015\/12\/IMG_2822.jpg\"><img loading=\"lazy\" decoding=\"async\" class=\"alignnone size-medium wp-image-5493\" src=\"http:\/\/armstrongyregion.com.ar\/diario\/wp-content\/uploads\/2015\/12\/IMG_2822-300x200.jpg\" alt=\"Diego-Diaz-Patron-\" width=\"300\" height=\"200\" srcset=\"https:\/\/armstrongyregion.com.ar\/diario\/wp-content\/uploads\/2015\/12\/IMG_2822-300x200.jpg 300w, https:\/\/armstrongyregion.com.ar\/diario\/wp-content\/uploads\/2015\/12\/IMG_2822.jpg 800w\" sizes=\"auto, (max-width: 300px) 100vw, 300px\" \/><\/a>Luego de estudios de factibilidad t\u00e9cnica y encuestas a usuarios se decidi\u00f3 que la mejor ubicaci\u00f3n es en Avenida Santa Fe y Sarmiento, por<br \/>\nlo cual se pidi\u00f3 la expropiaci\u00f3n por causa de utilidad p\u00fablica del lote ubicado en ese sector.<\/p>\n<p>La intendenta Stella Cl\u00e9rici, el presidente del Centro Econ\u00f3mico Marcelo Ardizi y la presidenta del Concejo Deliberante Carina Mozzoni<br \/>\nanunciaron avances para la construcci\u00f3n del nuevo edificio de la terminal de \u00f3mnibus.<br \/>\nLuego de estudios de factibilidad t\u00e9cnica y encuestas a usuarios del trasporte urbano de pasajeros, el proyecto contempla la afectaci\u00f3n de un<br \/>\nterreno ubicado en Avenida Santa Fe y Sarmiento, por lo cual el bloque de concejales del Frente Justicialista Para la Victoria present\u00f3 la<br \/>\niniciativa para declarar la expropiaci\u00f3n por causa de utilidad p\u00fablica a<br \/>\neste lote de 48 por 44 metros.<br \/>\nLa intendenta Cl\u00e9rici se refiri\u00f3 a los datos que se tuvieron en cuenta<br \/>\na la hora de decidir el lugar m\u00e1s conveniente, los cuales muestran que<br \/>\nsobre un total de 500 encuestas, la mitad de los usuarios viaja al menos<br \/>\nuna vez a la semana en colectivo, la frecuencia de viaje se va<br \/>\nincrementando desde las 7:00 hs hasta las 19:00 hs y un 36% propone un<br \/>\nlugar para la terminal cerca de Ruta 9.<br \/>\n\u00abConjuntamente con el Centro Econ\u00f3mico avanzamos a partir de estudios<br \/>\nt\u00e9cnicos y la opini\u00f3n de las usuarios en el proyecto de construcci\u00f3n el<br \/>\nnuevo edifico para la terminal de \u00f3mnibus. Ahora resta la aprobaci\u00f3n del<br \/>\nConcejo del pedido de expropiaci\u00f3n para que luego sea tratado por la<br \/>\nLegislatura Provincial\u00bb, declar\u00f3 Cl\u00e9rici.<\/p>\n","protected":false},"excerpt":{"rendered":"<p>Luego de estudios de factibilidad t\u00e9cnica y encuestas a usuarios se decidi\u00f3 que la mejor ubicaci\u00f3n es en Avenida Santa Fe y Sarmiento, por lo cual se pidi\u00f3 la expropiaci\u00f3n por causa de utilidad p\u00fablica del lote ubicado en ese sector. La intendenta Stella Cl\u00e9rici, el presidente del Centro Econ\u00f3mico Marcelo Ardizi y la presidenta <a href=\"https:\/\/armstrongyregion.com.ar\/diario\/municipio-y-centro-economico-avanzan-en-la-nueva-terminal-de-omnibus\/\" title=\"Read more\" >&#8230;<\/a><\/p>\n","protected":false},"author":2,"featured_media":5493,"comment_status":"open","ping_status":"open","sticky":false,"template":"","format":"standard","meta":{"_jetpack_memberships_contains_paid_content":false,"footnotes":"","jetpack_publicize_message":"","jetpack_publicize_feature_enabled":true,"jetpack_social_post_already_shared":false,"jetpack_social_options":{"image_generator_settings":{"template":"highway","default_image_id":0,"enabled":false},"version":2}},"categories":[1,7,3],"tags":[21,19,3282,217,1150,3283,13],"class_list":["post-5492","post","type-post","status-publish","format-standard","has-post-thumbnail","hentry","category-diario-armstrong","category-politica","category-region","tag-centro","tag-de","tag-economico-avanzan-en-la-nueva","tag-municipio","tag-omnibus","tag-terminal","tag-y"],"jetpack_publicize_connections":[],"jetpack_featured_media_url":"https:\/\/armstrongyregion.com.ar\/diario\/wp-content\/uploads\/2015\/12\/IMG_2822.jpg","jetpack_shortlink":"https:\/\/wp.me\/p62QDO-1qA","jetpack_sharing_enabled":true,"amp_enabled":true,"_links":{"self":[{"href":"https:\/\/armstrongyregion.com.ar\/diario\/wp-json\/wp\/v2\/posts\/5492","targetHints":{"allow":["GET"]}}],"collection":[{"href":"https:\/\/armstrongyregion.com.ar\/diario\/wp-json\/wp\/v2\/posts"}],"about":[{"href":"https:\/\/armstrongyregion.com.ar\/diario\/wp-json\/wp\/v2\/types\/post"}],"author":[{"embeddable":true,"href":"https:\/\/armstrongyregion.com.ar\/diario\/wp-json\/wp\/v2\/users\/2"}],"replies":[{"embeddable":true,"href":"https:\/\/armstrongyregion.com.ar\/diario\/wp-json\/wp\/v2\/comments?post=5492"}],"version-history":[{"count":0,"href":"https:\/\/armstrongyregion.com.ar\/diario\/wp-json\/wp\/v2\/posts\/5492\/revisions"}],"wp:featuredmedia":[{"embeddable":true,"href":"https:\/\/armstrongyregion.com.ar\/diario\/wp-json\/wp\/v2\/media\/5493"}],"wp:attachment":[{"href":"https:\/\/armstrongyregion.com.ar\/diario\/wp-json\/wp\/v2\/media?parent=5492"}],"wp:term":[{"taxonomy":"category","embeddable":true,"href":"https:\/\/armstrongyregion.com.ar\/diario\/wp-json\/wp\/v2\/categories?post=5492"},{"taxonomy":"post_tag","embeddable":true,"href":"https:\/\/armstrongyregion.com.ar\/diario\/wp-json\/wp\/v2\/tags?post=5492"}],"curies":[{"name":"wp","href":"https:\/\/api.w.org\/{rel}","templated":true}]}}