{"id":5477,"date":"2015-12-15T18:49:18","date_gmt":"2015-12-15T18:49:18","guid":{"rendered":"https:\/\/armstrongyregion.com.ar\/diario\/?p=5477"},"modified":"2015-12-15T18:49:18","modified_gmt":"2015-12-15T18:49:18","slug":"canada-de-gomez-30-denuncias-en-el-buzon-de-la-vida","status":"publish","type":"post","link":"https:\/\/armstrongyregion.com.ar\/diario\/canada-de-gomez-30-denuncias-en-el-buzon-de-la-vida\/","title":{"rendered":"Ca\u00f1ada de G\u00f3mez. 30 denuncias en el buz\u00f3n de la vida."},"content":{"rendered":"<p><a href=\"http:\/\/armstrongyregion.com.ar\/diario\/wp-content\/uploads\/2015\/12\/buzon..jpg\"><img loading=\"lazy\" decoding=\"async\" class=\"alignnone size-medium wp-image-5478\" src=\"http:\/\/armstrongyregion.com.ar\/diario\/wp-content\/uploads\/2015\/12\/buzon.-300x168.jpg\" alt=\"buz\u00f3n\" width=\"300\" height=\"168\" srcset=\"https:\/\/armstrongyregion.com.ar\/diario\/wp-content\/uploads\/2015\/12\/buzon.-300x168.jpg 300w, https:\/\/armstrongyregion.com.ar\/diario\/wp-content\/uploads\/2015\/12\/buzon..jpg 768w\" sizes=\"auto, (max-width: 300px) 100vw, 300px\" \/><\/a>El coordinador de Seguridad Lu\u00eds Leiva, junto a representantes de vecinales e instituciones, realizaron una nueva apertura de esta<br \/>\nherramienta ubicada en el Cuartel del Bomberos Voluntarios.<\/p>\n<p>En la ma\u00f1ana de hoy se realiz\u00f3 una nueva apertura del Buz\u00f3n de la Vida en las instalaciones del Cuartel de Bomberos. El acto fue encabezado por<br \/>\nel coordinador de Seguridad Ciudadana Lu\u00eds Leiva.<br \/>\nAnte la participaci\u00f3n de representantes de instituciones y vecinales se encontraron 30 denuncias que ser\u00e1n remitidas a la Justicia Federal.<br \/>\nLeiva destac\u00f3 en esta oportunidad el acompa\u00f1amiento de quienes ten\u00edan en su custodia las llaves y quienes las tendr\u00e1n para la pr\u00f3xima apertura<br \/>\nque se realizar\u00e1 en enero de 2016.<\/p>\n","protected":false},"excerpt":{"rendered":"<p>El coordinador de Seguridad Lu\u00eds Leiva, junto a representantes de vecinales e instituciones, realizaron una nueva apertura de esta herramienta ubicada en el Cuartel del Bomberos Voluntarios. En la ma\u00f1ana de hoy se realiz\u00f3 una nueva apertura del Buz\u00f3n de la Vida en las instalaciones del Cuartel de Bomberos. El acto fue encabezado por el <a href=\"https:\/\/armstrongyregion.com.ar\/diario\/canada-de-gomez-30-denuncias-en-el-buzon-de-la-vida\/\" title=\"Read more\" >&#8230;<\/a><\/p>\n","protected":false},"author":2,"featured_media":5478,"comment_status":"open","ping_status":"open","sticky":false,"template":"","format":"standard","meta":{"_jetpack_memberships_contains_paid_content":false,"footnotes":"","jetpack_publicize_message":"","jetpack_publicize_feature_enabled":true,"jetpack_social_post_already_shared":false,"jetpack_social_options":{"image_generator_settings":{"template":"highway","default_image_id":0,"enabled":false},"version":2}},"categories":[8,1,3],"tags":[455,19,31,456],"class_list":["post-5477","post","type-post","status-publish","format-standard","has-post-thumbnail","hentry","category-deliberando","category-diario-armstrong","category-region","tag-buzon","tag-de","tag-la","tag-vida"],"jetpack_publicize_connections":[],"jetpack_featured_media_url":"https:\/\/armstrongyregion.com.ar\/diario\/wp-content\/uploads\/2015\/12\/buzon..jpg","jetpack_shortlink":"https:\/\/wp.me\/p62QDO-1ql","jetpack_sharing_enabled":true,"amp_enabled":true,"_links":{"self":[{"href":"https:\/\/armstrongyregion.com.ar\/diario\/wp-json\/wp\/v2\/posts\/5477","targetHints":{"allow":["GET"]}}],"collection":[{"href":"https:\/\/armstrongyregion.com.ar\/diario\/wp-json\/wp\/v2\/posts"}],"about":[{"href":"https:\/\/armstrongyregion.com.ar\/diario\/wp-json\/wp\/v2\/types\/post"}],"author":[{"embeddable":true,"href":"https:\/\/armstrongyregion.com.ar\/diario\/wp-json\/wp\/v2\/users\/2"}],"replies":[{"embeddable":true,"href":"https:\/\/armstrongyregion.com.ar\/diario\/wp-json\/wp\/v2\/comments?post=5477"}],"version-history":[{"count":0,"href":"https:\/\/armstrongyregion.com.ar\/diario\/wp-json\/wp\/v2\/posts\/5477\/revisions"}],"wp:featuredmedia":[{"embeddable":true,"href":"https:\/\/armstrongyregion.com.ar\/diario\/wp-json\/wp\/v2\/media\/5478"}],"wp:attachment":[{"href":"https:\/\/armstrongyregion.com.ar\/diario\/wp-json\/wp\/v2\/media?parent=5477"}],"wp:term":[{"taxonomy":"category","embeddable":true,"href":"https:\/\/armstrongyregion.com.ar\/diario\/wp-json\/wp\/v2\/categories?post=5477"},{"taxonomy":"post_tag","embeddable":true,"href":"https:\/\/armstrongyregion.com.ar\/diario\/wp-json\/wp\/v2\/tags?post=5477"}],"curies":[{"name":"wp","href":"https:\/\/api.w.org\/{rel}","templated":true}]}}