{"id":5474,"date":"2015-12-15T01:54:45","date_gmt":"2015-12-15T01:54:45","guid":{"rendered":"https:\/\/armstrongyregion.com.ar\/diario\/?p=5474"},"modified":"2015-12-15T01:54:45","modified_gmt":"2015-12-15T01:54:45","slug":"reconocimiento-a-deportistas-y-el-destacado-2015-es-facundo-bagnis","status":"publish","type":"post","link":"https:\/\/armstrongyregion.com.ar\/diario\/reconocimiento-a-deportistas-y-el-destacado-2015-es-facundo-bagnis\/","title":{"rendered":"Reconocimiento a Deportistas y el Destacado 2015 es Facundo Bagnis."},"content":{"rendered":"<p><a href=\"http:\/\/armstrongyregion.com.ar\/diario\/wp-content\/uploads\/2015\/12\/Facundo-Bagnis-.jpg\"><img loading=\"lazy\" decoding=\"async\" class=\"alignnone size-medium wp-image-5475\" src=\"http:\/\/armstrongyregion.com.ar\/diario\/wp-content\/uploads\/2015\/12\/Facundo-Bagnis--300x209.jpg\" alt=\"Facundo-Bagnis-\" width=\"300\" height=\"209\" srcset=\"https:\/\/armstrongyregion.com.ar\/diario\/wp-content\/uploads\/2015\/12\/Facundo-Bagnis--300x209.jpg 300w, https:\/\/armstrongyregion.com.ar\/diario\/wp-content\/uploads\/2015\/12\/Facundo-Bagnis--1024x714.jpg 1024w, https:\/\/armstrongyregion.com.ar\/diario\/wp-content\/uploads\/2015\/12\/Facundo-Bagnis--900x628.jpg 900w, https:\/\/armstrongyregion.com.ar\/diario\/wp-content\/uploads\/2015\/12\/Facundo-Bagnis-.jpg 1147w\" sizes=\"auto, (max-width: 300px) 100vw, 300px\" \/><\/a>En el marco de los festejos por el 133\u00b0 aniversario de Armstrong, se realizo un reconocimiento a deportistas locales y al destacado del a\u00f1o 2015, en este caso es Facundo Bagnis.<br \/>\nReconocimiento a Deportistas:<br \/>\n&#8211; Karting: Lucas Ferretti<br \/>\n&#8211; Kid boxing: Cristian Mart\u00ednez<br \/>\n&#8211; Ciclomotores: Gonzalo Demarchi<br \/>\n&#8211; Club Defensores: Gimnasia art\u00edstica Esc. Claudia Moreale: Nazarena Lencina<br \/>\n&#8211; Club Hurac\u00e1n: F\u00fatbol infantil: El\u00edas Esp\u00ednola<br \/>\n&#8211; Club Barraca: F\u00fatbol Mayor: Jes\u00fas Goestchy<br \/>\n&#8211; Club Norte: Pat\u00edn: Donato Mastroiani y Facundo Fina<br \/>\n&#8211; Motociclismo: Fernando Dubini<br \/>\n&#8211; Atletismo: Mario Ascenzi<br \/>\n&#8211; Automovilismo: Juan Pablo Marconi<br \/>\n&#8211; Ciclismo: Fabricio Gandini<br \/>\n&#8211; Tenis: Facundo Bagnis<br \/>\nDEPORTISTA DESTACADO 2015: FACUNDO BAGNIS<\/p>\n","protected":false},"excerpt":{"rendered":"<p>En el marco de los festejos por el 133\u00b0 aniversario de Armstrong, se realizo un reconocimiento a deportistas locales y al destacado del a\u00f1o 2015, en este caso es Facundo Bagnis. Reconocimiento a Deportistas: &#8211; Karting: Lucas Ferretti &#8211; Kid boxing: Cristian Mart\u00ednez &#8211; Ciclomotores: Gonzalo Demarchi &#8211; Club Defensores: Gimnasia art\u00edstica Esc. Claudia Moreale: <a href=\"https:\/\/armstrongyregion.com.ar\/diario\/reconocimiento-a-deportistas-y-el-destacado-2015-es-facundo-bagnis\/\" title=\"Read more\" >&#8230;<\/a><\/p>\n","protected":false},"author":2,"featured_media":5475,"comment_status":"open","ping_status":"open","sticky":false,"template":"","format":"standard","meta":{"_jetpack_memberships_contains_paid_content":false,"footnotes":"","jetpack_publicize_message":"","jetpack_publicize_feature_enabled":true,"jetpack_social_post_already_shared":false,"jetpack_social_options":{"image_generator_settings":{"template":"highway","default_image_id":0,"enabled":false},"version":2}},"categories":[6,5,1,2,3],"tags":[214,1168,3279,16,139,1167],"class_list":["post-5474","post","type-post","status-publish","format-standard","has-post-thumbnail","hentry","category-cultura-entretenimiento","category-deportes","category-diario-armstrong","category-locales","category-region","tag-214","tag-bagnis","tag-destacado","tag-el","tag-es","tag-facundo"],"jetpack_publicize_connections":[],"jetpack_featured_media_url":"https:\/\/armstrongyregion.com.ar\/diario\/wp-content\/uploads\/2015\/12\/Facundo-Bagnis-.jpg","jetpack_shortlink":"https:\/\/wp.me\/p62QDO-1qi","jetpack_sharing_enabled":true,"amp_enabled":true,"_links":{"self":[{"href":"https:\/\/armstrongyregion.com.ar\/diario\/wp-json\/wp\/v2\/posts\/5474","targetHints":{"allow":["GET"]}}],"collection":[{"href":"https:\/\/armstrongyregion.com.ar\/diario\/wp-json\/wp\/v2\/posts"}],"about":[{"href":"https:\/\/armstrongyregion.com.ar\/diario\/wp-json\/wp\/v2\/types\/post"}],"author":[{"embeddable":true,"href":"https:\/\/armstrongyregion.com.ar\/diario\/wp-json\/wp\/v2\/users\/2"}],"replies":[{"embeddable":true,"href":"https:\/\/armstrongyregion.com.ar\/diario\/wp-json\/wp\/v2\/comments?post=5474"}],"version-history":[{"count":0,"href":"https:\/\/armstrongyregion.com.ar\/diario\/wp-json\/wp\/v2\/posts\/5474\/revisions"}],"wp:featuredmedia":[{"embeddable":true,"href":"https:\/\/armstrongyregion.com.ar\/diario\/wp-json\/wp\/v2\/media\/5475"}],"wp:attachment":[{"href":"https:\/\/armstrongyregion.com.ar\/diario\/wp-json\/wp\/v2\/media?parent=5474"}],"wp:term":[{"taxonomy":"category","embeddable":true,"href":"https:\/\/armstrongyregion.com.ar\/diario\/wp-json\/wp\/v2\/categories?post=5474"},{"taxonomy":"post_tag","embeddable":true,"href":"https:\/\/armstrongyregion.com.ar\/diario\/wp-json\/wp\/v2\/tags?post=5474"}],"curies":[{"name":"wp","href":"https:\/\/api.w.org\/{rel}","templated":true}]}}