{"id":5466,"date":"2015-12-14T15:07:19","date_gmt":"2015-12-14T15:07:19","guid":{"rendered":"https:\/\/armstrongyregion.com.ar\/diario\/?p=5466"},"modified":"2015-12-14T15:42:26","modified_gmt":"2015-12-14T15:42:26","slug":"que-es-la-reeducacion-corporal-funcional-rcf-por-lic-raul-castellano-garcia","status":"publish","type":"post","link":"https:\/\/armstrongyregion.com.ar\/diario\/que-es-la-reeducacion-corporal-funcional-rcf-por-lic-raul-castellano-garcia\/","title":{"rendered":"\u00bfQu\u00e9 es la Reeducaci\u00f3n Corporal Funcional RCF? Por Lic. Ra\u00fal Castellano Garc\u00eda."},"content":{"rendered":"<p><a href=\"http:\/\/armstrongyregion.com.ar\/diario\/wp-content\/uploads\/2015\/12\/Rosana-Marcianesi.jpg\"><img loading=\"lazy\" decoding=\"async\" class=\"alignnone size-medium wp-image-5467\" src=\"http:\/\/armstrongyregion.com.ar\/diario\/wp-content\/uploads\/2015\/12\/Rosana-Marcianesi-300x200.jpg\" alt=\"Rosana-Marcianesi\" width=\"300\" height=\"200\" srcset=\"https:\/\/armstrongyregion.com.ar\/diario\/wp-content\/uploads\/2015\/12\/Rosana-Marcianesi-300x200.jpg 300w, https:\/\/armstrongyregion.com.ar\/diario\/wp-content\/uploads\/2015\/12\/Rosana-Marcianesi.jpg 768w\" sizes=\"auto, (max-width: 300px) 100vw, 300px\" \/><\/a>Pr\u00f3ximo lunes 21 de diciembre\u00a0en Programa Televisivo \u00abPrevenci\u00f3n y Salud\u00bb hablaremos de la RCF Reeducaci\u00f3n Corporal Funcional, con el padre de esta terapia, quien la creara hace 25 a\u00f1os en Espa\u00f1a, Valencia, el Lic. Raul Castellano Garc\u00eda, quien vino a nuestro pa\u00eds a tomar el \u00faltimo ex\u00e1men acad\u00e9mico a un grupo de 9 profesionales al Colegio de Kinesiologos de Rosario, nos informara sobre su Tecnica junto a la Lic. Rosana Marcianesi quien culmina su formacion de Post-grado en esta tematica.<\/p>\n<p>\u00abA lo largo de los a\u00f1os he observado como en nuestro cuerpo f\u00edsico se graba toda nuestra historia y que nuestros movimientos corporales hablan m\u00e1s de nosotros\/as que nuestras propias palabras; por estas razones debemos de tener en cuenta que \u201csomos nuestro cuerpo\u201d y s\u00f3lo sabiendo observarlo en su totalidad podremos llegar a entender lo que nos trata de comunicar con sus dismorfismos, dolores, alteraciones y enfermedades.<\/p>\n<p>Nos \u00abencogemos\u00bb, es cierto. Bloqueamos nuestra respiraci\u00f3n, nuestras emociones, &#8230; Disminuimos nuestra capacidad de sentir perdiendo nuestra salud, bienestar y armon\u00eda corporal. Todo ello nos hace d\u00eda a d\u00eda alejarnos m\u00e1s de nuestro \u00abprop\u00f3sito de vida\u00bb y con ello nuestra alma empieza a sufrir y a manifestar este sufrimiento en nuestro cuerpo f\u00edsico.<\/p>\n<p>Cada cuerpo tiene sus razones y es con este cuerpo que nos acompa\u00f1a a lo largo de nuestra vida con el que percibimos la realidad, nuestros sentimientos, nuestras emociones, &#8230; Pero este \u00abencogimiento\u00bb nos hace sordos, ciegos y mudos frente a la vida, por lo que ser\u00eda necesario poner los medios que nos permitieran abrirnos a la escucha de nuestro cuerpo f\u00edsico para, a trav\u00e9s de \u00e9l poder recobrar el \u00abcontacto \u00bb con nuestro interior; es decir, con nuestros otros cuerpos (emocional, energ\u00e9tico y espiritual) y, especialmente, con nuestra Alma, verdadera protagonista de nuestra existencia\u00bb.<\/p>\n<p>Programa Televisivo \u201cPrevenci\u00f3n y Salud\u201d. Estreno Lunes 21 de diciembre a las 13,30hs. Reiteraci\u00f3n Jueves 20hs y S\u00e1bados 12,30hs. CableImagenArmstrong.<\/p>\n<p>Colsecor TV Cooperativa. Mi\u00e9rcoles 12hs.<\/p>\n","protected":false},"excerpt":{"rendered":"<p>Pr\u00f3ximo lunes 21 de diciembre\u00a0en Programa Televisivo \u00abPrevenci\u00f3n y Salud\u00bb hablaremos de la RCF Reeducaci\u00f3n Corporal Funcional, con el padre de esta terapia, quien la creara hace 25 a\u00f1os en Espa\u00f1a, Valencia, el Lic. Raul Castellano Garc\u00eda, quien vino a nuestro pa\u00eds a tomar el \u00faltimo ex\u00e1men acad\u00e9mico a un grupo de 9 profesionales al <a href=\"https:\/\/armstrongyregion.com.ar\/diario\/que-es-la-reeducacion-corporal-funcional-rcf-por-lic-raul-castellano-garcia\/\" title=\"Read more\" >&#8230;<\/a><\/p>\n","protected":false},"author":2,"featured_media":5467,"comment_status":"open","ping_status":"open","sticky":false,"template":"","format":"standard","meta":{"_jetpack_memberships_contains_paid_content":false,"footnotes":"","jetpack_publicize_message":"","jetpack_publicize_feature_enabled":true,"jetpack_social_post_already_shared":false,"jetpack_social_options":{"image_generator_settings":{"template":"highway","default_image_id":0,"enabled":false},"version":2}},"categories":[1,2819,2,4,3],"tags":[3276,3277,1732,3278],"class_list":["post-5466","post","type-post","status-publish","format-standard","has-post-thumbnail","hentry","category-diario-armstrong","category-el-pais","category-locales","category-prevencion-salud","category-region","tag-castellano","tag-garcia","tag-raul","tag-rcf"],"jetpack_publicize_connections":[],"jetpack_featured_media_url":"https:\/\/armstrongyregion.com.ar\/diario\/wp-content\/uploads\/2015\/12\/Rosana-Marcianesi.jpg","jetpack_shortlink":"https:\/\/wp.me\/p62QDO-1qa","jetpack_sharing_enabled":true,"amp_enabled":true,"_links":{"self":[{"href":"https:\/\/armstrongyregion.com.ar\/diario\/wp-json\/wp\/v2\/posts\/5466","targetHints":{"allow":["GET"]}}],"collection":[{"href":"https:\/\/armstrongyregion.com.ar\/diario\/wp-json\/wp\/v2\/posts"}],"about":[{"href":"https:\/\/armstrongyregion.com.ar\/diario\/wp-json\/wp\/v2\/types\/post"}],"author":[{"embeddable":true,"href":"https:\/\/armstrongyregion.com.ar\/diario\/wp-json\/wp\/v2\/users\/2"}],"replies":[{"embeddable":true,"href":"https:\/\/armstrongyregion.com.ar\/diario\/wp-json\/wp\/v2\/comments?post=5466"}],"version-history":[{"count":0,"href":"https:\/\/armstrongyregion.com.ar\/diario\/wp-json\/wp\/v2\/posts\/5466\/revisions"}],"wp:featuredmedia":[{"embeddable":true,"href":"https:\/\/armstrongyregion.com.ar\/diario\/wp-json\/wp\/v2\/media\/5467"}],"wp:attachment":[{"href":"https:\/\/armstrongyregion.com.ar\/diario\/wp-json\/wp\/v2\/media?parent=5466"}],"wp:term":[{"taxonomy":"category","embeddable":true,"href":"https:\/\/armstrongyregion.com.ar\/diario\/wp-json\/wp\/v2\/categories?post=5466"},{"taxonomy":"post_tag","embeddable":true,"href":"https:\/\/armstrongyregion.com.ar\/diario\/wp-json\/wp\/v2\/tags?post=5466"}],"curies":[{"name":"wp","href":"https:\/\/api.w.org\/{rel}","templated":true}]}}