{"id":5454,"date":"2015-12-14T11:08:00","date_gmt":"2015-12-14T11:08:00","guid":{"rendered":"https:\/\/armstrongyregion.com.ar\/diario\/?p=5454"},"modified":"2015-12-14T11:08:00","modified_gmt":"2015-12-14T11:08:00","slug":"marcos-cleri-participo-del-acto-de-asuncion-de-autoridades-municipales-en-las-parejas","status":"publish","type":"post","link":"https:\/\/armstrongyregion.com.ar\/diario\/marcos-cleri-participo-del-acto-de-asuncion-de-autoridades-municipales-en-las-parejas\/","title":{"rendered":"Marcos Cleri particip\u00f3 del acto de asunci\u00f3n de autoridades municipales en Las Parejas."},"content":{"rendered":"<p><a href=\"http:\/\/armstrongyregion.com.ar\/diario\/wp-content\/uploads\/2015\/12\/horacio-compagnucci-y-marcos-cleri.jpg\"><img loading=\"lazy\" decoding=\"async\" class=\"alignnone size-medium wp-image-5455\" src=\"http:\/\/armstrongyregion.com.ar\/diario\/wp-content\/uploads\/2015\/12\/horacio-compagnucci-y-marcos-cleri-300x177.jpg\" alt=\"horacio compagnucci y marcos cleri\" width=\"300\" height=\"177\" srcset=\"https:\/\/armstrongyregion.com.ar\/diario\/wp-content\/uploads\/2015\/12\/horacio-compagnucci-y-marcos-cleri-300x177.jpg 300w, https:\/\/armstrongyregion.com.ar\/diario\/wp-content\/uploads\/2015\/12\/horacio-compagnucci-y-marcos-cleri.jpg 800w\" sizes=\"auto, (max-width: 300px) 100vw, 300px\" \/><\/a>\u201cEl desarrollo de esta regi\u00f3n es un emblema de lo que vamos a defender siempre\u201d<\/p>\n<p>\u201cEsta ciudad, el desarrollo de esta regi\u00f3n, la capacidad y sensibilidad de sus dirigentes, son un emblema de lo que pudimos hacer desde el Frente para la Victoria a favor de los trabajadores y los peque\u00f1os y medianos empresarios y de lo que vamos a defender siempre, seamos oficialismo o seamos oposici\u00f3n\u201d, dijo Marcos Cleri, tras participar del acto de asunci\u00f3n de Horacio Compagnucci como intendente de Las Parejas, llevado a cabo en la Casa del Bicentenario Heraldo Bocha Mansilla.<br \/>\n\u201cLo que nosotros reivindicamos es gestiones como la que aqu\u00ed se viene llevando adelante con la conducci\u00f3n de un dirigente joven y con mucha fuerza, como Diego Mansilla, que transform\u00f3 Las Parejas y la regi\u00f3n impulsando el crecimiento industrial con generaci\u00f3n de puestos laborales, con inclusi\u00f3n, con justicia social, con mirada abarcadora, con proyecci\u00f3n a futuro. Aqu\u00ed se pas\u00f3 de la crisis y la pobreza al pleno empleo, a la diversificaci\u00f3n de la industria, al agregado de valor a las cadenas productivas, a la conquista de nuevos mercados\u201d, destac\u00f3 Marcos Cleri.<br \/>\n\u201cAhora Diego asumir\u00e1 como diputado del Mercosur para seguir trabajando en el mismo camino, aportando a la integraci\u00f3n regional, a la complementaci\u00f3n, a un desarrollo sostenido para una mejor calidad de vida de nuestros pueblos. Y aqu\u00ed en Las Parejas Horacio seguir\u00e1 la gesti\u00f3n de defensa y promoci\u00f3n de la industria, del empleo, de la educaci\u00f3n y capacitaci\u00f3n laboral, de la generaci\u00f3n de condiciones para que el desarrollo se profundice\u201d, sostuvo el diputado nacional del bloque del Frente para la Victoria, tras el acto en la Casa del Bicentenario del que tambi\u00e9n particip\u00f3 el senador provincial por el departamento Belgrano, Guillermo Cornaglia.<br \/>\n\u201cSomos una fuerza pol\u00edtica que expresa los anhelos y necesidades de los que trabajan todos los d\u00edas, de los que siempre quieren mejorar, progresar, de los que no especulan, de los que saben que nadie se salva solo. Este es el rumbo que N\u00e9stor y Cristina fijaron nuevamente para el pa\u00eds a partir del a\u00f1o 2003 y que vamos a seguir defendiendo desde donde nos toca a cada uno en esta etapa\u201d, subray\u00f3 Marcos Cleri.<\/p>\n","protected":false},"excerpt":{"rendered":"<p>\u201cEl desarrollo de esta regi\u00f3n es un emblema de lo que vamos a defender siempre\u201d \u201cEsta ciudad, el desarrollo de esta regi\u00f3n, la capacidad y sensibilidad de sus dirigentes, son un emblema de lo que pudimos hacer desde el Frente para la Victoria a favor de los trabajadores y los peque\u00f1os y medianos empresarios y <a href=\"https:\/\/armstrongyregion.com.ar\/diario\/marcos-cleri-participo-del-acto-de-asuncion-de-autoridades-municipales-en-las-parejas\/\" title=\"Read more\" >&#8230;<\/a><\/p>\n","protected":false},"author":2,"featured_media":5455,"comment_status":"open","ping_status":"open","sticky":false,"template":"","format":"standard","meta":{"_jetpack_memberships_contains_paid_content":false,"footnotes":"","jetpack_publicize_message":"","jetpack_publicize_feature_enabled":true,"jetpack_social_post_already_shared":false,"jetpack_social_options":{"image_generator_settings":{"template":"highway","default_image_id":0,"enabled":false},"version":2}},"categories":[1,7,3],"tags":[223,23,222,24],"class_list":["post-5454","post","type-post","status-publish","format-standard","has-post-thumbnail","hentry","category-diario-armstrong","category-politica","category-region","tag-cleri","tag-las","tag-marcos","tag-parejas"],"jetpack_publicize_connections":[],"jetpack_featured_media_url":"https:\/\/armstrongyregion.com.ar\/diario\/wp-content\/uploads\/2015\/12\/horacio-compagnucci-y-marcos-cleri.jpg","jetpack_shortlink":"https:\/\/wp.me\/p62QDO-1pY","jetpack_sharing_enabled":true,"amp_enabled":true,"_links":{"self":[{"href":"https:\/\/armstrongyregion.com.ar\/diario\/wp-json\/wp\/v2\/posts\/5454","targetHints":{"allow":["GET"]}}],"collection":[{"href":"https:\/\/armstrongyregion.com.ar\/diario\/wp-json\/wp\/v2\/posts"}],"about":[{"href":"https:\/\/armstrongyregion.com.ar\/diario\/wp-json\/wp\/v2\/types\/post"}],"author":[{"embeddable":true,"href":"https:\/\/armstrongyregion.com.ar\/diario\/wp-json\/wp\/v2\/users\/2"}],"replies":[{"embeddable":true,"href":"https:\/\/armstrongyregion.com.ar\/diario\/wp-json\/wp\/v2\/comments?post=5454"}],"version-history":[{"count":0,"href":"https:\/\/armstrongyregion.com.ar\/diario\/wp-json\/wp\/v2\/posts\/5454\/revisions"}],"wp:featuredmedia":[{"embeddable":true,"href":"https:\/\/armstrongyregion.com.ar\/diario\/wp-json\/wp\/v2\/media\/5455"}],"wp:attachment":[{"href":"https:\/\/armstrongyregion.com.ar\/diario\/wp-json\/wp\/v2\/media?parent=5454"}],"wp:term":[{"taxonomy":"category","embeddable":true,"href":"https:\/\/armstrongyregion.com.ar\/diario\/wp-json\/wp\/v2\/categories?post=5454"},{"taxonomy":"post_tag","embeddable":true,"href":"https:\/\/armstrongyregion.com.ar\/diario\/wp-json\/wp\/v2\/tags?post=5454"}],"curies":[{"name":"wp","href":"https:\/\/api.w.org\/{rel}","templated":true}]}}