{"id":5451,"date":"2015-12-13T06:56:40","date_gmt":"2015-12-13T06:56:40","guid":{"rendered":"https:\/\/armstrongyregion.com.ar\/diario\/?p=5451"},"modified":"2015-12-13T06:56:40","modified_gmt":"2015-12-13T06:56:40","slug":"comenzaron-los-festejos-de-armstrong-tierra-mia","status":"publish","type":"post","link":"https:\/\/armstrongyregion.com.ar\/diario\/comenzaron-los-festejos-de-armstrong-tierra-mia\/","title":{"rendered":"Comenzaron los festejos de \u201cArmstrong Tierra M\u00eda\u201d."},"content":{"rendered":"<p><a href=\"http:\/\/armstrongyregion.com.ar\/diario\/wp-content\/uploads\/2015\/12\/armstrong-TierraMia.jpg\"><img loading=\"lazy\" decoding=\"async\" class=\"alignnone size-medium wp-image-5452\" src=\"http:\/\/armstrongyregion.com.ar\/diario\/wp-content\/uploads\/2015\/12\/armstrong-TierraMia-300x225.jpg\" alt=\"armstrong-TierraMia\" width=\"300\" height=\"225\" srcset=\"https:\/\/armstrongyregion.com.ar\/diario\/wp-content\/uploads\/2015\/12\/armstrong-TierraMia-300x225.jpg 300w, https:\/\/armstrongyregion.com.ar\/diario\/wp-content\/uploads\/2015\/12\/armstrong-TierraMia-900x675.jpg 900w, https:\/\/armstrongyregion.com.ar\/diario\/wp-content\/uploads\/2015\/12\/armstrong-TierraMia.jpg 960w\" sizes=\"auto, (max-width: 300px) 100vw, 300px\" \/><\/a>A mal tiempo, buena cara, como estaba previsto y a pesar de las amenazas clim\u00e1ticas se concret\u00f3 la programaci\u00f3n establecida para el d\u00eda 12 de diciembre.<\/p>\n<p>Comenzaron los n\u00fameros art\u00edsticos con la actuaci\u00f3n de la Banda Infanto Juvenil Municipal (Dirigen Maestros Sebasti\u00e1n Tesei-Gabriel Alustiza)<\/p>\n<p>Coro Infanto Juvenil Municipal (Dirige Prof. Ramiro Migliosi)<\/p>\n<p>Taller Municipal de Danzas \u00e1rabes (DirigeProf.\u00a0 Faty Ay\u00fan)<\/p>\n<p>Taller Municipal de Acrobacias en telas (Dirige Prof. Dana Cuello)<\/p>\n<p>Grupo de Danzas Latinoamericanas Warmi (Dirige Prof. Soledad G\u00f3mez)<\/p>\n<p>Taller de folclore para adultos del El Tropero (Dirigen Prof. Mauricio Verstraete- Ivana Cicoccioppo)<\/p>\n<p>Ensamble Municipal \u201cEnzo Vacchino\u201d (Dirige Maestro Gabriel Alustiza)<\/p>\n<p>Grupo de Danzas Bemba Color\u00e1 (Dirige Prof. Mauricio Verstraete)<\/p>\n<p>Fuelles Correntinos<\/p>\n<p>Grupo de Danzas folcl\u00f3ricas Francisco Maldonado (Dirige Prof. Francisco Maldonado)<\/p>\n<p>OZME-GM (Cristian Medina)<\/p>\n<p>R\u00e9lax (Banda Tributo a Virus)<\/p>\n<p>Presentaci\u00f3n de las candidatas a Reina Institucional Armstrong 2015<\/p>\n<p>Para hoy Domingo 13 de diciembre el cronograma es el siguiente:<\/p>\n<p>19:30 hs. Desfile de la comunidad, desde Plaza Flotron<\/p>\n<p>En los escenarios de Plaza San Mart\u00edn:<\/p>\n<p>Coro Municipal \u201cVoces al Viento\u201d (Dirige Prof. Rosita Demar\u00eda)<\/p>\n<p>Presencia de Reinas invitadas<\/p>\n<p>Presentaci\u00f3n tem\u00e1tica de la fiesta con grupos de danzas bajo la direcci\u00f3n del Prof. Mauricio Verstraete<\/p>\n<p>Se entregar\u00e1n los certificados y los presentes por la convocatoria \u201cArmstrong Tierra M\u00eda\u201d y el reconocimiento al Deportista Destacado 2015.<\/p>\n<p>Taller Municipal de Danzas Cl\u00e1sicas (Dirige Prof. Virginia De Bonis)<\/p>\n<p>Taller Municipal de Flamenco (Dirige Prof. Marina Aguirre)<\/p>\n<p>Taller de folclore para ni\u00f1os de El Tropero (Dirigidos por Alejandra Cabrera-Franco Ariza)<\/p>\n<p>OZME- GM (Cristian Medina)<\/p>\n<p>Milenio (Banda tributo a Soda St\u00e9reo)<\/p>\n<p>Elecci\u00f3n y Coronaci\u00f3n de la Reina 2015<\/p>\n<p>Banda XXI<\/p>\n<p>Durante los 2 d\u00edas podremos apreciar la creatividad de microemprendedores junto a Sabores y Colores Locales con distintas propuestas; se desarrollar\u00e1 la 5\u00b0 Feria Nacional de Artesanos, con m\u00e1s de 40 inscriptos de diferentes provincias; y la muestra est\u00e1tica de maquinaria agr\u00edcola denominada \u201cM\u00e1quinas e Industrias desde Armstrong al Pa\u00eds y al Mundo\u201d; se ofrecer\u00e1 servicio de buffet a cargo los clubes Norte, Defensores, Barraca, Hurac\u00e1n, Estudiantes, y del Conservatorio de M\u00fasica.<\/p>\n<p>\u201cArmstrong Tierra M\u00eda\u201d nos convoca a todos para repasar el pasado y reconocer el presente, con una comunidad que crece d\u00eda a d\u00eda con los valores y los ideales marcando un camino. \u201cArmstrong Tierra M\u00eda\u201d nos propone conocernos, reconocernos y valorarnos a cada uno de nosotros desde el lugar que a diario seguimos eligiendo y en cada una de nuestras actividades. Los esperamos para festejar los 133 a\u00f1os de historia: domingo 13 de diciembre en Plaza San Mart\u00edn, estamos todos invitados.<\/p>\n","protected":false},"excerpt":{"rendered":"<p>A mal tiempo, buena cara, como estaba previsto y a pesar de las amenazas clim\u00e1ticas se concret\u00f3 la programaci\u00f3n establecida para el d\u00eda 12 de diciembre. Comenzaron los n\u00fameros art\u00edsticos con la actuaci\u00f3n de la Banda Infanto Juvenil Municipal (Dirigen Maestros Sebasti\u00e1n Tesei-Gabriel Alustiza) Coro Infanto Juvenil Municipal (Dirige Prof. Ramiro Migliosi) Taller Municipal de <a href=\"https:\/\/armstrongyregion.com.ar\/diario\/comenzaron-los-festejos-de-armstrong-tierra-mia\/\" title=\"Read more\" >&#8230;<\/a><\/p>\n","protected":false},"author":2,"featured_media":5452,"comment_status":"open","ping_status":"open","sticky":false,"template":"","format":"standard","meta":{"_jetpack_memberships_contains_paid_content":false,"footnotes":"","jetpack_publicize_message":"","jetpack_publicize_feature_enabled":true,"jetpack_social_post_already_shared":false,"jetpack_social_options":{"image_generator_settings":{"template":"highway","default_image_id":0,"enabled":false},"version":2}},"categories":[6,1,2,3],"tags":[20,701,19,841,42,3129,1763],"class_list":["post-5451","post","type-post","status-publish","format-standard","has-post-thumbnail","hentry","category-cultura-entretenimiento","category-diario-armstrong","category-locales","category-region","tag-armstrong","tag-comenzaron","tag-de","tag-festejos","tag-los","tag-mia","tag-tierra"],"jetpack_publicize_connections":[],"jetpack_featured_media_url":"https:\/\/armstrongyregion.com.ar\/diario\/wp-content\/uploads\/2015\/12\/armstrong-TierraMia.jpg","jetpack_shortlink":"https:\/\/wp.me\/p62QDO-1pV","jetpack_sharing_enabled":true,"amp_enabled":true,"_links":{"self":[{"href":"https:\/\/armstrongyregion.com.ar\/diario\/wp-json\/wp\/v2\/posts\/5451","targetHints":{"allow":["GET"]}}],"collection":[{"href":"https:\/\/armstrongyregion.com.ar\/diario\/wp-json\/wp\/v2\/posts"}],"about":[{"href":"https:\/\/armstrongyregion.com.ar\/diario\/wp-json\/wp\/v2\/types\/post"}],"author":[{"embeddable":true,"href":"https:\/\/armstrongyregion.com.ar\/diario\/wp-json\/wp\/v2\/users\/2"}],"replies":[{"embeddable":true,"href":"https:\/\/armstrongyregion.com.ar\/diario\/wp-json\/wp\/v2\/comments?post=5451"}],"version-history":[{"count":0,"href":"https:\/\/armstrongyregion.com.ar\/diario\/wp-json\/wp\/v2\/posts\/5451\/revisions"}],"wp:featuredmedia":[{"embeddable":true,"href":"https:\/\/armstrongyregion.com.ar\/diario\/wp-json\/wp\/v2\/media\/5452"}],"wp:attachment":[{"href":"https:\/\/armstrongyregion.com.ar\/diario\/wp-json\/wp\/v2\/media?parent=5451"}],"wp:term":[{"taxonomy":"category","embeddable":true,"href":"https:\/\/armstrongyregion.com.ar\/diario\/wp-json\/wp\/v2\/categories?post=5451"},{"taxonomy":"post_tag","embeddable":true,"href":"https:\/\/armstrongyregion.com.ar\/diario\/wp-json\/wp\/v2\/tags?post=5451"}],"curies":[{"name":"wp","href":"https:\/\/api.w.org\/{rel}","templated":true}]}}