{"id":5439,"date":"2015-12-13T06:26:59","date_gmt":"2015-12-13T06:26:59","guid":{"rendered":"https:\/\/armstrongyregion.com.ar\/diario\/?p=5439"},"modified":"2015-12-13T06:26:59","modified_gmt":"2015-12-13T06:26:59","slug":"se-realizo-el-iv-festival-de-danzas-clasicas-y-jazz","status":"publish","type":"post","link":"https:\/\/armstrongyregion.com.ar\/diario\/se-realizo-el-iv-festival-de-danzas-clasicas-y-jazz\/","title":{"rendered":"Se realiz\u00f3 el IV festival de danzas cl\u00e1sicas y jazz."},"content":{"rendered":"<p><a href=\"http:\/\/armstrongyregion.com.ar\/diario\/wp-content\/uploads\/2015\/12\/clasicodiciembre.jpg\"><img loading=\"lazy\" decoding=\"async\" class=\"alignnone size-medium wp-image-5440\" src=\"http:\/\/armstrongyregion.com.ar\/diario\/wp-content\/uploads\/2015\/12\/clasicodiciembre-300x199.jpg\" alt=\"clasicodiciembre\" width=\"300\" height=\"199\" srcset=\"https:\/\/armstrongyregion.com.ar\/diario\/wp-content\/uploads\/2015\/12\/clasicodiciembre-300x199.jpg 300w, https:\/\/armstrongyregion.com.ar\/diario\/wp-content\/uploads\/2015\/12\/clasicodiciembre-900x597.jpg 900w, https:\/\/armstrongyregion.com.ar\/diario\/wp-content\/uploads\/2015\/12\/clasicodiciembre.jpg 960w\" sizes=\"auto, (max-width: 300px) 100vw, 300px\" \/><\/a>El d\u00eda lunes 7 de diciembre en la Sala Iris Marga se realiz\u00f3 el IV festival de danzas cl\u00e1sicas y jazz del grupo \u201cMovimientos del Alma\u201d, gestado desde el taller que ofrece la Municipalidad de Armstrong a trav\u00e9s de la Secretar\u00eda de Educaci\u00f3n, Cultura y Deporte.<\/p>\n<p>M\u00e1s de 80 alumnas, dirigidas por la Prof. Virginia De Bonis, plasmaron todo lo aprendido durante este ciclo 2015 y se pudieron apreciar las distintas danzas con mucho color, muy buena musicalizaci\u00f3n, pasi\u00f3n y entusiasmo en cada una de ellas.<\/p>\n<p>En la primera parte del espect\u00e1culo con danza cl\u00e1sica se presentaron las alumnas de iniciaci\u00f3n a la danza, 2\u00ba y 3\u00ba a\u00f1o de t\u00e9cnica cl\u00e1sica, el nivel intermedio, Sof\u00eda Marozzi\u00a0 como solista, y el nivel avanzado. Mientras que en la segunda y \u00faltima parte, con danza jazz, lo hicieron los niveles avanzado e intermedio, 2\u00ba y 3\u00ba a\u00f1o, el ballet mayor, y un saludo final con todas las bailarinas integradas.<\/p>\n<p>Tambi\u00e9n se proyect\u00f3 un video donde se pudieron ver im\u00e1genes de diferentes momentos vividos por el grupo a lo largo del a\u00f1o.<\/p>\n<p>La Prof. Virginia desea agradecer a su familia y a todas las personas que incondicionalmente est\u00e1n a su lado. A los padres que conf\u00edan y acompa\u00f1an siempre. A las alumnas por regalar tantas alegr\u00edas, sonrisas y emociones inexplicables. Al municipio por apostar a la cultura, especialmente a la Sra. Rosana Siri. A todas las empresas y particulares que auspiciaron este evento y a Dios por regalarle esta vocaci\u00f3n.<\/p>\n<p>Las alumnas de 2\u00ba, 3\u00ba a\u00f1o\u00a0 y nivel avanzado se presentar\u00e1n el domingo 13 de diciembre en la plaza San Mart\u00edn con motivo de los festejos por los 133 a\u00f1os de nuestra ciudad.<\/p>\n","protected":false},"excerpt":{"rendered":"<p>El d\u00eda lunes 7 de diciembre en la Sala Iris Marga se realiz\u00f3 el IV festival de danzas cl\u00e1sicas y jazz del grupo \u201cMovimientos del Alma\u201d, gestado desde el taller que ofrece la Municipalidad de Armstrong a trav\u00e9s de la Secretar\u00eda de Educaci\u00f3n, Cultura y Deporte. M\u00e1s de 80 alumnas, dirigidas por la Prof. Virginia <a href=\"https:\/\/armstrongyregion.com.ar\/diario\/se-realizo-el-iv-festival-de-danzas-clasicas-y-jazz\/\" title=\"Read more\" >&#8230;<\/a><\/p>\n","protected":false},"author":2,"featured_media":5440,"comment_status":"open","ping_status":"open","sticky":false,"template":"","format":"standard","meta":{"_jetpack_memberships_contains_paid_content":false,"footnotes":"","jetpack_publicize_message":"","jetpack_publicize_feature_enabled":true,"jetpack_social_post_already_shared":false,"jetpack_social_options":{"image_generator_settings":{"template":"highway","default_image_id":0,"enabled":false},"version":2}},"categories":[6,1,2],"tags":[20,3270,318,2505],"class_list":["post-5439","post","type-post","status-publish","format-standard","has-post-thumbnail","hentry","category-cultura-entretenimiento","category-diario-armstrong","category-locales","tag-armstrong","tag-danza","tag-festival","tag-jazz"],"jetpack_publicize_connections":[],"jetpack_featured_media_url":"https:\/\/armstrongyregion.com.ar\/diario\/wp-content\/uploads\/2015\/12\/clasicodiciembre.jpg","jetpack_shortlink":"https:\/\/wp.me\/p62QDO-1pJ","jetpack_sharing_enabled":true,"amp_enabled":true,"_links":{"self":[{"href":"https:\/\/armstrongyregion.com.ar\/diario\/wp-json\/wp\/v2\/posts\/5439","targetHints":{"allow":["GET"]}}],"collection":[{"href":"https:\/\/armstrongyregion.com.ar\/diario\/wp-json\/wp\/v2\/posts"}],"about":[{"href":"https:\/\/armstrongyregion.com.ar\/diario\/wp-json\/wp\/v2\/types\/post"}],"author":[{"embeddable":true,"href":"https:\/\/armstrongyregion.com.ar\/diario\/wp-json\/wp\/v2\/users\/2"}],"replies":[{"embeddable":true,"href":"https:\/\/armstrongyregion.com.ar\/diario\/wp-json\/wp\/v2\/comments?post=5439"}],"version-history":[{"count":0,"href":"https:\/\/armstrongyregion.com.ar\/diario\/wp-json\/wp\/v2\/posts\/5439\/revisions"}],"wp:featuredmedia":[{"embeddable":true,"href":"https:\/\/armstrongyregion.com.ar\/diario\/wp-json\/wp\/v2\/media\/5440"}],"wp:attachment":[{"href":"https:\/\/armstrongyregion.com.ar\/diario\/wp-json\/wp\/v2\/media?parent=5439"}],"wp:term":[{"taxonomy":"category","embeddable":true,"href":"https:\/\/armstrongyregion.com.ar\/diario\/wp-json\/wp\/v2\/categories?post=5439"},{"taxonomy":"post_tag","embeddable":true,"href":"https:\/\/armstrongyregion.com.ar\/diario\/wp-json\/wp\/v2\/tags?post=5439"}],"curies":[{"name":"wp","href":"https:\/\/api.w.org\/{rel}","templated":true}]}}