{"id":5436,"date":"2015-12-12T18:26:37","date_gmt":"2015-12-12T18:26:37","guid":{"rendered":"https:\/\/armstrongyregion.com.ar\/diario\/?p=5436"},"modified":"2015-12-12T18:26:37","modified_gmt":"2015-12-12T18:26:37","slug":"fabian-cejas-inicio-su-cuarto-periodo-al-mando-de-la-comuna-de-correa","status":"publish","type":"post","link":"https:\/\/armstrongyregion.com.ar\/diario\/fabian-cejas-inicio-su-cuarto-periodo-al-mando-de-la-comuna-de-correa\/","title":{"rendered":"Fabian Cejas inici\u00f3 su cuarto periodo al mando de la Comuna de Correa."},"content":{"rendered":"<p><a href=\"http:\/\/armstrongyregion.com.ar\/diario\/wp-content\/uploads\/2015\/12\/10-12-Asunci\u00f3n-autoridades-comunales-11.jpg\"><img loading=\"lazy\" decoding=\"async\" class=\"alignnone size-medium wp-image-5437\" src=\"http:\/\/armstrongyregion.com.ar\/diario\/wp-content\/uploads\/2015\/12\/10-12-Asunci\u00f3n-autoridades-comunales-11-300x200.jpg\" alt=\"Asunci\u00f3n autoridades comunales 11\" width=\"300\" height=\"200\" srcset=\"https:\/\/armstrongyregion.com.ar\/diario\/wp-content\/uploads\/2015\/12\/10-12-Asunci\u00f3n-autoridades-comunales-11-300x200.jpg 300w, https:\/\/armstrongyregion.com.ar\/diario\/wp-content\/uploads\/2015\/12\/10-12-Asunci\u00f3n-autoridades-comunales-11.jpg 768w\" sizes=\"auto, (max-width: 300px) 100vw, 300px\" \/><\/a>Frente al edificio comunal, la nueva Comisi\u00f3n cumpli\u00f3 con la ceremonia de juramento asumiendo su compromiso para el periodo 2015 \u2013 2017<br \/>\nEn un acto llevado a cabo en la tarde noche del \u00faltimo jueves y con la presencia de autoridades de instituciones intermedias y vecinos de la localidad, Fabi\u00e1n Cejas, asumi\u00f3 su cuarto mandato consecutivo al frente del gobierno local.<br \/>\nEn su mensaje, agradeci\u00f3 a la confianza recibida en el acto electoral del pasado 14 de junio, y mencion\u00f3 los hechos m\u00e1s importantes de su \u00faltima gesti\u00f3n. \u201cIniciamos un camino con anhelos, sue\u00f1os y deseos dirigidos seguir mejorando nuestro pueblo. El compromiso que tenemos es ver todos los d\u00edas un Correa mejor, m\u00e1s solidario, con m\u00e1s progreso y all\u00ed est\u00e1n focalizados todos nuestros esfuerzos\u201d, remarc\u00f3.<br \/>\nEn este sentido, Cejas, renov\u00f3 su compromiso para los a\u00f1os venideros. \u201cLos convocamos para que en esta pr\u00f3xima gesti\u00f3n podamos seguir trabajando de la misma manera, profundizamos nuestros esfuerzos, nuestros objetivos y volviendo a so\u00f1ar. A so\u00f1ar que es posible y que podamos construir entre todos un Correa mejor\u201d.<br \/>\nA partir del 10 de diciembre, la nueva comisi\u00f3n comunal queda conformada por Luis Gongora como vicepresidente, Marcela Villalobos, tesorera, Sandra Menna y Carlos Thomas, vocales, y Norma Blando, Victoria Santa Cruz y Jorge Quinteros, revisores de cuenta.<br \/>\nDurante el acto se presentaron diversos materiales audiovisuales que reflejaron alguno de los puntos m\u00e1s importante del \u00faltimo periodo de gobierno, con una menci\u00f3n especial a la puesta en marcha del Centro Cultural \u201cVilla \u00c1ngela\u201d, y a la ampliaci\u00f3n y remodelaci\u00f3n del edificio comunal.<br \/>\nEn dicha oportunidad, se hizo entrega de un reconocimiento a Mabel Peloni, integrante del Concejo de Cultura y Educaci\u00f3n, y a Federico Santi, responsable del \u00c1rea de Prensa y Comunicaci\u00f3n, por la ardua e intensa tarea llevada a cabo durante el \u00faltimo periodo.<\/p>\n","protected":false},"excerpt":{"rendered":"<p>Frente al edificio comunal, la nueva Comisi\u00f3n cumpli\u00f3 con la ceremonia de juramento asumiendo su compromiso para el periodo 2015 \u2013 2017 En un acto llevado a cabo en la tarde noche del \u00faltimo jueves y con la presencia de autoridades de instituciones intermedias y vecinos de la localidad, Fabi\u00e1n Cejas, asumi\u00f3 su cuarto mandato <a href=\"https:\/\/armstrongyregion.com.ar\/diario\/fabian-cejas-inicio-su-cuarto-periodo-al-mando-de-la-comuna-de-correa\/\" title=\"Read more\" >&#8230;<\/a><\/p>\n","protected":false},"author":2,"featured_media":5437,"comment_status":"open","ping_status":"open","sticky":false,"template":"","format":"standard","meta":{"_jetpack_memberships_contains_paid_content":false,"footnotes":"","jetpack_publicize_message":"","jetpack_publicize_feature_enabled":true,"jetpack_social_post_already_shared":false,"jetpack_social_options":{"image_generator_settings":{"template":"highway","default_image_id":0,"enabled":false},"version":2}},"categories":[8,1,7,3],"tags":[],"class_list":["post-5436","post","type-post","status-publish","format-standard","has-post-thumbnail","hentry","category-deliberando","category-diario-armstrong","category-politica","category-region"],"jetpack_publicize_connections":[],"jetpack_featured_media_url":"https:\/\/armstrongyregion.com.ar\/diario\/wp-content\/uploads\/2015\/12\/10-12-Asunci\u00f3n-autoridades-comunales-11.jpg","jetpack_shortlink":"https:\/\/wp.me\/p62QDO-1pG","jetpack_sharing_enabled":true,"amp_enabled":true,"_links":{"self":[{"href":"https:\/\/armstrongyregion.com.ar\/diario\/wp-json\/wp\/v2\/posts\/5436","targetHints":{"allow":["GET"]}}],"collection":[{"href":"https:\/\/armstrongyregion.com.ar\/diario\/wp-json\/wp\/v2\/posts"}],"about":[{"href":"https:\/\/armstrongyregion.com.ar\/diario\/wp-json\/wp\/v2\/types\/post"}],"author":[{"embeddable":true,"href":"https:\/\/armstrongyregion.com.ar\/diario\/wp-json\/wp\/v2\/users\/2"}],"replies":[{"embeddable":true,"href":"https:\/\/armstrongyregion.com.ar\/diario\/wp-json\/wp\/v2\/comments?post=5436"}],"version-history":[{"count":0,"href":"https:\/\/armstrongyregion.com.ar\/diario\/wp-json\/wp\/v2\/posts\/5436\/revisions"}],"wp:featuredmedia":[{"embeddable":true,"href":"https:\/\/armstrongyregion.com.ar\/diario\/wp-json\/wp\/v2\/media\/5437"}],"wp:attachment":[{"href":"https:\/\/armstrongyregion.com.ar\/diario\/wp-json\/wp\/v2\/media?parent=5436"}],"wp:term":[{"taxonomy":"category","embeddable":true,"href":"https:\/\/armstrongyregion.com.ar\/diario\/wp-json\/wp\/v2\/categories?post=5436"},{"taxonomy":"post_tag","embeddable":true,"href":"https:\/\/armstrongyregion.com.ar\/diario\/wp-json\/wp\/v2\/tags?post=5436"}],"curies":[{"name":"wp","href":"https:\/\/api.w.org\/{rel}","templated":true}]}}