{"id":5424,"date":"2015-12-12T17:56:10","date_gmt":"2015-12-12T17:56:10","guid":{"rendered":"https:\/\/armstrongyregion.com.ar\/diario\/?p=5424"},"modified":"2015-12-12T17:56:10","modified_gmt":"2015-12-12T17:56:10","slug":"giaccone-asistio-a-la-asamblea-legislativa-donde-asumio-el-gobernador-miguel-lifschitz","status":"publish","type":"post","link":"https:\/\/armstrongyregion.com.ar\/diario\/giaccone-asistio-a-la-asamblea-legislativa-donde-asumio-el-gobernador-miguel-lifschitz\/","title":{"rendered":"Giaccone asistio a la asamblea legislativa donde asumio el gobernador Miguel Lifschitz."},"content":{"rendered":"<p><a href=\"http:\/\/armstrongyregion.com.ar\/diario\/wp-content\/uploads\/2015\/12\/CG-dipprov-asamblea-banca.jpg\"><img loading=\"lazy\" decoding=\"async\" class=\"alignnone size-medium wp-image-5425\" src=\"http:\/\/armstrongyregion.com.ar\/diario\/wp-content\/uploads\/2015\/12\/CG-dipprov-asamblea-banca-300x225.jpg\" alt=\"CG-dipprov-asamblea-banca\" width=\"300\" height=\"225\" srcset=\"https:\/\/armstrongyregion.com.ar\/diario\/wp-content\/uploads\/2015\/12\/CG-dipprov-asamblea-banca-300x225.jpg 300w, https:\/\/armstrongyregion.com.ar\/diario\/wp-content\/uploads\/2015\/12\/CG-dipprov-asamblea-banca.jpg 768w\" sizes=\"auto, (max-width: 300px) 100vw, 300px\" \/><\/a>En la ma\u00f1ana de este viernes 11 de diciembre, se desarroll\u00f3 en Santa Fe la Asamblea Legislativa donde se tom\u00f3 juramento a Miguel Lifschitz y Carlos Fascendini como Gobernador y Vicegobernador de la provincia.<br \/>\nLa diputada provincial Claudia Giaccone (Frente Justicialista para la Victoria) particip\u00f3 de la misma, y resalt\u00f3 algunos aspectos del discurso del Gobernador que le resultaron destacables: ofrecer puertas abiertas de la Casa Gris para escuchar y construir colectivamente; el incorporar a la agenda de trabajo pol\u00edticas para la prevenci\u00f3n en el consumo de drogas y acompa\u00f1ar con atenci\u00f3n a los adictos que precisen recuperarse; y tambi\u00e9n la propuesta de desarrollar acciones espec\u00edficas que atiendan a los miles de excluidos sociales que tiene la provincia.<br \/>\n\u00abEs de celebrar la referencia de Lifschitz a que nadie es el due\u00f1o de la verdad, y su consecuente convocatoria a todos los sectores pol\u00edticos y sociales para el aporte de ideas, proyectos y trabajo que acompa\u00f1en las necesidades de los santafesinos\u00bb, expres\u00f3 Giaccone.<br \/>\nAdem\u00e1s dijo sentirse muy satisfecha \u00abcon la incorporaci\u00f3n que el Gobernador hace a la agenda pol\u00edtica de toda la tem\u00e1tica sobre el consumo de drogas, formulando la necesidad crear un organismo que acent\u00fae la prevenci\u00f3n, pero tambi\u00e9n proponiendo el abordaje desde la salud, acompa\u00f1ando a aquellas personas adictas que necesitan recuperarse, que precisan tratamientos que requieren establecimientos especialmente dise\u00f1ados para esa tarea y recursos para cumplir su funci\u00f3n\u00bb. Record\u00f3 que en toda la campa\u00f1a hecha \u00abrecorriendo nuestra provincia siempre destaqu\u00e9 la ausencia en Santa Fe de entidades que atiendan esta problem\u00e1tica. Es una tarea imprescindible de comenzar; por eso me encontrar\u00e1 acompa\u00f1ando estas pol\u00edticas p\u00fablicas\u00bb.<br \/>\nLa diputada destac\u00f3 \u00abel minucioso tratamiento que dio al tema de la desigualdad social, de oportunidades. Lifschitz expres\u00f3 con sinceridad que son cientos de miles los excluidos que viven en asentamientos en Rosario, Santa Fe, Villa Gdor. G\u00e1lvez o Santo Tom\u00e9, entre otras ciudades, que parecen invisibles pero est\u00e1n, viven al lado nuestro. Y se comprometi\u00f3 a ejecutar pol\u00edticas espec\u00edficas para incluir a estos santafesinos\u00bb.<br \/>\n\u00abEn estos caminos que busca emprender, el Gobernador tendr\u00e1 en mi persona una colaboraci\u00f3n total. Desde la diversidad pol\u00edtica me encontrar\u00e1 aportando, trabajando, acompa\u00f1ando\u00bb, concluy\u00f3.<\/p>\n","protected":false},"excerpt":{"rendered":"<p>En la ma\u00f1ana de este viernes 11 de diciembre, se desarroll\u00f3 en Santa Fe la Asamblea Legislativa donde se tom\u00f3 juramento a Miguel Lifschitz y Carlos Fascendini como Gobernador y Vicegobernador de la provincia. La diputada provincial Claudia Giaccone (Frente Justicialista para la Victoria) particip\u00f3 de la misma, y resalt\u00f3 algunos aspectos del discurso del <a href=\"https:\/\/armstrongyregion.com.ar\/diario\/giaccone-asistio-a-la-asamblea-legislativa-donde-asumio-el-gobernador-miguel-lifschitz\/\" title=\"Read more\" >&#8230;<\/a><\/p>\n","protected":false},"author":2,"featured_media":5425,"comment_status":"open","ping_status":"open","sticky":false,"template":"","format":"standard","meta":{"_jetpack_memberships_contains_paid_content":false,"footnotes":"","jetpack_publicize_message":"","jetpack_publicize_feature_enabled":true,"jetpack_social_post_already_shared":false,"jetpack_social_options":{"image_generator_settings":{"template":"highway","default_image_id":0,"enabled":false},"version":2}},"categories":[1,7,3],"tags":[1346,3268,1019,3269],"class_list":["post-5424","post","type-post","status-publish","format-standard","has-post-thumbnail","hentry","category-diario-armstrong","category-politica","category-region","tag-asamblea","tag-asistio","tag-giaccone","tag-legislativa"],"jetpack_publicize_connections":[],"jetpack_featured_media_url":"https:\/\/armstrongyregion.com.ar\/diario\/wp-content\/uploads\/2015\/12\/CG-dipprov-asamblea-banca.jpg","jetpack_shortlink":"https:\/\/wp.me\/p62QDO-1pu","jetpack_sharing_enabled":true,"amp_enabled":true,"_links":{"self":[{"href":"https:\/\/armstrongyregion.com.ar\/diario\/wp-json\/wp\/v2\/posts\/5424","targetHints":{"allow":["GET"]}}],"collection":[{"href":"https:\/\/armstrongyregion.com.ar\/diario\/wp-json\/wp\/v2\/posts"}],"about":[{"href":"https:\/\/armstrongyregion.com.ar\/diario\/wp-json\/wp\/v2\/types\/post"}],"author":[{"embeddable":true,"href":"https:\/\/armstrongyregion.com.ar\/diario\/wp-json\/wp\/v2\/users\/2"}],"replies":[{"embeddable":true,"href":"https:\/\/armstrongyregion.com.ar\/diario\/wp-json\/wp\/v2\/comments?post=5424"}],"version-history":[{"count":0,"href":"https:\/\/armstrongyregion.com.ar\/diario\/wp-json\/wp\/v2\/posts\/5424\/revisions"}],"wp:featuredmedia":[{"embeddable":true,"href":"https:\/\/armstrongyregion.com.ar\/diario\/wp-json\/wp\/v2\/media\/5425"}],"wp:attachment":[{"href":"https:\/\/armstrongyregion.com.ar\/diario\/wp-json\/wp\/v2\/media?parent=5424"}],"wp:term":[{"taxonomy":"category","embeddable":true,"href":"https:\/\/armstrongyregion.com.ar\/diario\/wp-json\/wp\/v2\/categories?post=5424"},{"taxonomy":"post_tag","embeddable":true,"href":"https:\/\/armstrongyregion.com.ar\/diario\/wp-json\/wp\/v2\/tags?post=5424"}],"curies":[{"name":"wp","href":"https:\/\/api.w.org\/{rel}","templated":true}]}}