{"id":5403,"date":"2015-12-11T12:49:02","date_gmt":"2015-12-11T12:49:02","guid":{"rendered":"https:\/\/armstrongyregion.com.ar\/diario\/?p=5403"},"modified":"2015-12-11T12:49:02","modified_gmt":"2015-12-11T12:49:02","slug":"10-de-diciembre-dia-del-trabajador-social","status":"publish","type":"post","link":"https:\/\/armstrongyregion.com.ar\/diario\/10-de-diciembre-dia-del-trabajador-social\/","title":{"rendered":"10 de diciembre: D\u00eda del Trabajador Social."},"content":{"rendered":"<p><a href=\"http:\/\/armstrongyregion.com.ar\/diario\/wp-content\/uploads\/2015\/12\/trabajo-social..jpg\"><img loading=\"lazy\" decoding=\"async\" class=\"alignnone size-full wp-image-5404\" src=\"http:\/\/armstrongyregion.com.ar\/diario\/wp-content\/uploads\/2015\/12\/trabajo-social..jpg\" alt=\"trabajo-social.\" width=\"275\" height=\"183\" \/><\/a>Cada 10 de diciembre en Argentina, y en coincidencia con la conmemoraci\u00f3n del D\u00eda de los Derechos Humanos, se conmemora el D\u00eda del Trabajador Social.<br \/>\nPor este motivo, desde la Municipalidad de Armstrong y su Secretar\u00eda de Salud y Promoci\u00f3n Comunitaria a cargo de la Lic. Graciela Buschittari, hacen llegar un c\u00e1lido y respetuoso saludo a todos quienes se desempe\u00f1an en dicha actividad, especialmente a los Trabajadores Sociales que integran su grupo de trabajo.<\/p>\n","protected":false},"excerpt":{"rendered":"<p>Cada 10 de diciembre en Argentina, y en coincidencia con la conmemoraci\u00f3n del D\u00eda de los Derechos Humanos, se conmemora el D\u00eda del Trabajador Social. Por este motivo, desde la Municipalidad de Armstrong y su Secretar\u00eda de Salud y Promoci\u00f3n Comunitaria a cargo de la Lic. Graciela Buschittari, hacen llegar un c\u00e1lido y respetuoso saludo <a href=\"https:\/\/armstrongyregion.com.ar\/diario\/10-de-diciembre-dia-del-trabajador-social\/\" title=\"Read more\" >&#8230;<\/a><\/p>\n","protected":false},"author":2,"featured_media":5404,"comment_status":"open","ping_status":"open","sticky":false,"template":"","format":"standard","meta":{"_jetpack_memberships_contains_paid_content":false,"footnotes":"","jetpack_publicize_message":"","jetpack_publicize_feature_enabled":true,"jetpack_social_post_already_shared":false,"jetpack_social_options":{"image_generator_settings":{"template":"highway","default_image_id":0,"enabled":false},"version":2}},"categories":[1,2],"tags":[3263,53,793,1111,1587],"class_list":["post-5403","post","type-post","status-publish","format-standard","has-post-thumbnail","hentry","category-diario-armstrong","category-locales","tag-10-de-diciembre","tag-del","tag-dia","tag-social","tag-trabajador"],"jetpack_publicize_connections":[],"jetpack_featured_media_url":"https:\/\/armstrongyregion.com.ar\/diario\/wp-content\/uploads\/2015\/12\/trabajo-social..jpg","jetpack_shortlink":"https:\/\/wp.me\/p62QDO-1p9","jetpack_sharing_enabled":true,"amp_enabled":true,"_links":{"self":[{"href":"https:\/\/armstrongyregion.com.ar\/diario\/wp-json\/wp\/v2\/posts\/5403","targetHints":{"allow":["GET"]}}],"collection":[{"href":"https:\/\/armstrongyregion.com.ar\/diario\/wp-json\/wp\/v2\/posts"}],"about":[{"href":"https:\/\/armstrongyregion.com.ar\/diario\/wp-json\/wp\/v2\/types\/post"}],"author":[{"embeddable":true,"href":"https:\/\/armstrongyregion.com.ar\/diario\/wp-json\/wp\/v2\/users\/2"}],"replies":[{"embeddable":true,"href":"https:\/\/armstrongyregion.com.ar\/diario\/wp-json\/wp\/v2\/comments?post=5403"}],"version-history":[{"count":0,"href":"https:\/\/armstrongyregion.com.ar\/diario\/wp-json\/wp\/v2\/posts\/5403\/revisions"}],"wp:featuredmedia":[{"embeddable":true,"href":"https:\/\/armstrongyregion.com.ar\/diario\/wp-json\/wp\/v2\/media\/5404"}],"wp:attachment":[{"href":"https:\/\/armstrongyregion.com.ar\/diario\/wp-json\/wp\/v2\/media?parent=5403"}],"wp:term":[{"taxonomy":"category","embeddable":true,"href":"https:\/\/armstrongyregion.com.ar\/diario\/wp-json\/wp\/v2\/categories?post=5403"},{"taxonomy":"post_tag","embeddable":true,"href":"https:\/\/armstrongyregion.com.ar\/diario\/wp-json\/wp\/v2\/tags?post=5403"}],"curies":[{"name":"wp","href":"https:\/\/api.w.org\/{rel}","templated":true}]}}