{"id":540,"date":"2015-01-23T00:19:23","date_gmt":"2015-01-23T00:19:23","guid":{"rendered":"https:\/\/armstrongyregion.com.ar\/diario\/?p=540"},"modified":"2015-01-23T00:19:23","modified_gmt":"2015-01-23T00:19:23","slug":"canada-de-gomez-la-agrupacion-%c2%a8san-francisco%c2%a8viajo-a-formosa-en-el-colectivo-municipal","status":"publish","type":"post","link":"https:\/\/armstrongyregion.com.ar\/diario\/canada-de-gomez-la-agrupacion-%c2%a8san-francisco%c2%a8viajo-a-formosa-en-el-colectivo-municipal\/","title":{"rendered":"Ca\u00f1ada de G\u00f3mez. La agrupaci\u00f3n \u00a8San Francisco\u00a8viaj\u00f3 a Formosa en el colectivo municipal."},"content":{"rendered":"<p><a href=\"http:\/\/armstrongyregion.com.ar\/diario\/wp-content\/uploads\/2015\/01\/10949733_818023318256465_6422405706915687146_n.jpg\"><img loading=\"lazy\" decoding=\"async\" class=\"alignnone size-medium wp-image-541\" src=\"http:\/\/armstrongyregion.com.ar\/diario\/wp-content\/uploads\/2015\/01\/10949733_818023318256465_6422405706915687146_n-300x200.jpg\" alt=\"grupo San Francisco\" width=\"300\" height=\"200\" srcset=\"https:\/\/armstrongyregion.com.ar\/diario\/wp-content\/uploads\/2015\/01\/10949733_818023318256465_6422405706915687146_n-300x200.jpg 300w, https:\/\/armstrongyregion.com.ar\/diario\/wp-content\/uploads\/2015\/01\/10949733_818023318256465_6422405706915687146_n.jpg 450w\" sizes=\"auto, (max-width: 300px) 100vw, 300px\" \/><\/a>Llevar\u00e1n mercader\u00eda, ropa y medicamentos donados por los ca\u00f1adenses. La \u00a0intendenta Cl\u00e9rici destac\u00f3 la iniciativa de los j\u00f3venes.<\/p>\n<p>Un grupo de sesenta j\u00f3venes de nuestra ciudad y la regi\u00f3n, integrantes \u00a0del grupo parroquial \u201cPapa Francisco\u201d iniciaron ayer su viaje, en el \u00a0colectivo municipal, a la provincia de Formosa como parte de una<br \/>\nactividad solidaria.<br \/>\nPor la ma\u00f1ana los j\u00f3venes llenaron un cami\u00f3n, puesto a disposici\u00f3n por<br \/>\nla empresa Richezze, con mercader\u00eda, ropa y medicamentos que ser\u00e1n<br \/>\nentregados a los habitantes de la zona visitada. Pasado el mediod\u00eda la<br \/>\nintendenta Cl\u00e9rici salud\u00f3 a los j\u00f3venes y destac\u00f3 esta iniciativa.<br \/>\n\u201cEstamos orgullosos de que nuestro colectivo siga sumando kil\u00f3metros y<br \/>\nm\u00e1s con iniciativas solidarias como estas\u201d.<br \/>\n\u201cLa actividad durar\u00e1 diez d\u00edas y adem\u00e1s de llevar la solidaridad de<br \/>\nnuestra ciudad queremos sembrar la semilla de la paz\u201d, explicaron los<br \/>\nj\u00f3venes.<\/p>\n","protected":false},"excerpt":{"rendered":"<p>Llevar\u00e1n mercader\u00eda, ropa y medicamentos donados por los ca\u00f1adenses. La \u00a0intendenta Cl\u00e9rici destac\u00f3 la iniciativa de los j\u00f3venes. Un grupo de sesenta j\u00f3venes de nuestra ciudad y la regi\u00f3n, integrantes \u00a0del grupo parroquial \u201cPapa Francisco\u201d iniciaron ayer su viaje, en el \u00a0colectivo municipal, a la provincia de Formosa como parte de una actividad solidaria. Por <a href=\"https:\/\/armstrongyregion.com.ar\/diario\/canada-de-gomez-la-agrupacion-%c2%a8san-francisco%c2%a8viajo-a-formosa-en-el-colectivo-municipal\/\" title=\"Read more\" >&#8230;<\/a><\/p>\n","protected":false},"author":2,"featured_media":541,"comment_status":"open","ping_status":"open","sticky":false,"template":"","format":"standard","meta":{"_jetpack_memberships_contains_paid_content":false,"footnotes":"","jetpack_publicize_message":"","jetpack_publicize_feature_enabled":true,"jetpack_social_post_already_shared":false,"jetpack_social_options":{"image_generator_settings":{"template":"highway","default_image_id":0,"enabled":false},"version":2}},"categories":[1,3],"tags":[519,521,33,518,163,523,19,16,15,522,520,517,524],"class_list":["post-540","post","type-post","status-publish","format-standard","has-post-thumbnail","hentry","category-diario-armstrong","category-region","tag-san","tag-viajo","tag-a","tag-agrupacion","tag-canada","tag-colectivo","tag-de","tag-el","tag-en","tag-formosa","tag-francisc","tag-gomez-la","tag-municipal"],"jetpack_publicize_connections":[],"jetpack_featured_media_url":"https:\/\/armstrongyregion.com.ar\/diario\/wp-content\/uploads\/2015\/01\/10949733_818023318256465_6422405706915687146_n.jpg","jetpack_shortlink":"https:\/\/wp.me\/p62QDO-8I","jetpack_sharing_enabled":true,"amp_enabled":true,"_links":{"self":[{"href":"https:\/\/armstrongyregion.com.ar\/diario\/wp-json\/wp\/v2\/posts\/540","targetHints":{"allow":["GET"]}}],"collection":[{"href":"https:\/\/armstrongyregion.com.ar\/diario\/wp-json\/wp\/v2\/posts"}],"about":[{"href":"https:\/\/armstrongyregion.com.ar\/diario\/wp-json\/wp\/v2\/types\/post"}],"author":[{"embeddable":true,"href":"https:\/\/armstrongyregion.com.ar\/diario\/wp-json\/wp\/v2\/users\/2"}],"replies":[{"embeddable":true,"href":"https:\/\/armstrongyregion.com.ar\/diario\/wp-json\/wp\/v2\/comments?post=540"}],"version-history":[{"count":0,"href":"https:\/\/armstrongyregion.com.ar\/diario\/wp-json\/wp\/v2\/posts\/540\/revisions"}],"wp:featuredmedia":[{"embeddable":true,"href":"https:\/\/armstrongyregion.com.ar\/diario\/wp-json\/wp\/v2\/media\/541"}],"wp:attachment":[{"href":"https:\/\/armstrongyregion.com.ar\/diario\/wp-json\/wp\/v2\/media?parent=540"}],"wp:term":[{"taxonomy":"category","embeddable":true,"href":"https:\/\/armstrongyregion.com.ar\/diario\/wp-json\/wp\/v2\/categories?post=540"},{"taxonomy":"post_tag","embeddable":true,"href":"https:\/\/armstrongyregion.com.ar\/diario\/wp-json\/wp\/v2\/tags?post=540"}],"curies":[{"name":"wp","href":"https:\/\/api.w.org\/{rel}","templated":true}]}}