{"id":5392,"date":"2015-12-09T13:14:28","date_gmt":"2015-12-09T13:14:28","guid":{"rendered":"https:\/\/armstrongyregion.com.ar\/diario\/?p=5392"},"modified":"2015-12-09T13:14:28","modified_gmt":"2015-12-09T13:14:28","slug":"armstrong-invitacion-acto-asuncion-de-autoridades","status":"publish","type":"post","link":"https:\/\/armstrongyregion.com.ar\/diario\/armstrong-invitacion-acto-asuncion-de-autoridades\/","title":{"rendered":"Armstrong. Invitaci\u00f3n Acto Asunci\u00f3n de Autoridades."},"content":{"rendered":"<p><a href=\"http:\/\/armstrongyregion.com.ar\/diario\/wp-content\/uploads\/2015\/12\/concejo-deliberante-de-Armstrong.11.jpg\"><img loading=\"lazy\" decoding=\"async\" class=\"alignnone size-medium wp-image-5393\" src=\"http:\/\/armstrongyregion.com.ar\/diario\/wp-content\/uploads\/2015\/12\/concejo-deliberante-de-Armstrong.11-300x225.jpg\" alt=\"concejo-deliberante-de-Armstrong.1\" width=\"300\" height=\"225\" srcset=\"https:\/\/armstrongyregion.com.ar\/diario\/wp-content\/uploads\/2015\/12\/concejo-deliberante-de-Armstrong.11-300x225.jpg 300w, https:\/\/armstrongyregion.com.ar\/diario\/wp-content\/uploads\/2015\/12\/concejo-deliberante-de-Armstrong.11.jpg 668w\" sizes=\"auto, (max-width: 300px) 100vw, 300px\" \/><\/a>El presidente del concejo municipal de Armstrong, invita a la ciudadan\u00eda a participar del Acto de Asunci\u00f3n de los concejales electos el d\u00eda 14 de junio del corriente a\u00f1o, que se llevar\u00e1 a cabo el jueves 10 de diciembre, a las 20:00hs. en el Sal\u00f3n Municipal \u00abDelmo Dar\u00f3\u00bb.<\/p>\n","protected":false},"excerpt":{"rendered":"<p>El presidente del concejo municipal de Armstrong, invita a la ciudadan\u00eda a participar del Acto de Asunci\u00f3n de los concejales electos el d\u00eda 14 de junio del corriente a\u00f1o, que se llevar\u00e1 a cabo el jueves 10 de diciembre, a las 20:00hs. en el Sal\u00f3n Municipal \u00abDelmo Dar\u00f3\u00bb.<\/p>\n","protected":false},"author":2,"featured_media":5393,"comment_status":"open","ping_status":"open","sticky":false,"template":"","format":"standard","meta":{"_jetpack_memberships_contains_paid_content":false,"footnotes":"","jetpack_publicize_message":"","jetpack_publicize_feature_enabled":true,"jetpack_social_post_already_shared":false,"jetpack_social_options":{"image_generator_settings":{"template":"highway","default_image_id":0,"enabled":false},"version":2}},"categories":[1,2,7],"tags":[1212,20,3261,857,19,616],"class_list":["post-5392","post","type-post","status-publish","format-standard","has-post-thumbnail","hentry","category-diario-armstrong","category-locales","category-politica","tag-acto","tag-armstrong","tag-asuncion","tag-autoridades","tag-de","tag-invitacion"],"jetpack_publicize_connections":[],"jetpack_featured_media_url":"https:\/\/armstrongyregion.com.ar\/diario\/wp-content\/uploads\/2015\/12\/concejo-deliberante-de-Armstrong.11.jpg","jetpack_shortlink":"https:\/\/wp.me\/p62QDO-1oY","jetpack_sharing_enabled":true,"amp_enabled":true,"_links":{"self":[{"href":"https:\/\/armstrongyregion.com.ar\/diario\/wp-json\/wp\/v2\/posts\/5392","targetHints":{"allow":["GET"]}}],"collection":[{"href":"https:\/\/armstrongyregion.com.ar\/diario\/wp-json\/wp\/v2\/posts"}],"about":[{"href":"https:\/\/armstrongyregion.com.ar\/diario\/wp-json\/wp\/v2\/types\/post"}],"author":[{"embeddable":true,"href":"https:\/\/armstrongyregion.com.ar\/diario\/wp-json\/wp\/v2\/users\/2"}],"replies":[{"embeddable":true,"href":"https:\/\/armstrongyregion.com.ar\/diario\/wp-json\/wp\/v2\/comments?post=5392"}],"version-history":[{"count":0,"href":"https:\/\/armstrongyregion.com.ar\/diario\/wp-json\/wp\/v2\/posts\/5392\/revisions"}],"wp:featuredmedia":[{"embeddable":true,"href":"https:\/\/armstrongyregion.com.ar\/diario\/wp-json\/wp\/v2\/media\/5393"}],"wp:attachment":[{"href":"https:\/\/armstrongyregion.com.ar\/diario\/wp-json\/wp\/v2\/media?parent=5392"}],"wp:term":[{"taxonomy":"category","embeddable":true,"href":"https:\/\/armstrongyregion.com.ar\/diario\/wp-json\/wp\/v2\/categories?post=5392"},{"taxonomy":"post_tag","embeddable":true,"href":"https:\/\/armstrongyregion.com.ar\/diario\/wp-json\/wp\/v2\/tags?post=5392"}],"curies":[{"name":"wp","href":"https:\/\/api.w.org\/{rel}","templated":true}]}}