{"id":5375,"date":"2015-12-07T14:20:11","date_gmt":"2015-12-07T14:20:11","guid":{"rendered":"https:\/\/armstrongyregion.com.ar\/diario\/?p=5375"},"modified":"2015-12-07T14:20:11","modified_gmt":"2015-12-07T14:20:11","slug":"canada-de-gomez-bomberos-voluntarios-festejo-sus-55-anos","status":"publish","type":"post","link":"https:\/\/armstrongyregion.com.ar\/diario\/canada-de-gomez-bomberos-voluntarios-festejo-sus-55-anos\/","title":{"rendered":"Ca\u00f1ada de G\u00f3mez. Bomberos Voluntarios festej\u00f3 sus 55 a\u00f1os."},"content":{"rendered":"<p><a href=\"http:\/\/armstrongyregion.com.ar\/diario\/wp-content\/uploads\/2015\/12\/12334306_10207671400608201_1328413126_o.jpg\"><img loading=\"lazy\" decoding=\"async\" class=\"alignnone size-medium wp-image-5377\" src=\"http:\/\/armstrongyregion.com.ar\/diario\/wp-content\/uploads\/2015\/12\/12334306_10207671400608201_1328413126_o-300x200.jpg\" alt=\"Bomberos,55,a\u00f1os,\" width=\"300\" height=\"200\" srcset=\"https:\/\/armstrongyregion.com.ar\/diario\/wp-content\/uploads\/2015\/12\/12334306_10207671400608201_1328413126_o-300x200.jpg 300w, https:\/\/armstrongyregion.com.ar\/diario\/wp-content\/uploads\/2015\/12\/12334306_10207671400608201_1328413126_o.jpg 768w\" sizes=\"auto, (max-width: 300px) 100vw, 300px\" \/><\/a>La intendenta Cl\u00e9rici particip\u00f3 del acto realizado en el cuartel junto a los integrantes del cuerpo activo y la comisi\u00f3n directiva.<\/p>\n<p>La intendenta Stella Cl\u00e9rici particip\u00f3 del acto por los 55 a\u00f1os del cuerpo de Bomberos Voluntarios de nuestra ciudad, acompa\u00f1ando a los<br \/>\nintegrantes del Cuerpo Activo y la comisi\u00f3n directiva junto a dem\u00e1s autoridades.<br \/>\nEn ese marco se dio a conocer el ascenso a Bomberos de Patricio Rodr\u00edguez, Ezequiel Segovia, Cecilia Villalobos y Romina Bustos y se<br \/>\npresentaron trabajos en las instalaciones de la instituci\u00f3n. Cl\u00e9rici por su parte destac\u00f3 el trabajo conjunto con el Municipio. \u201cEstamos muy<br \/>\ncontentos de compartir este momento celebrando un nuevo aniversario de esta querida instituci\u00f3n que se brinda la ciudad y a la que acompa\u00f1amos<br \/>\nd\u00eda a d\u00eda\u201d.<\/p>\n","protected":false},"excerpt":{"rendered":"<p>La intendenta Cl\u00e9rici particip\u00f3 del acto realizado en el cuartel junto a los integrantes del cuerpo activo y la comisi\u00f3n directiva. La intendenta Stella Cl\u00e9rici particip\u00f3 del acto por los 55 a\u00f1os del cuerpo de Bomberos Voluntarios de nuestra ciudad, acompa\u00f1ando a los integrantes del Cuerpo Activo y la comisi\u00f3n directiva junto a dem\u00e1s autoridades. <a href=\"https:\/\/armstrongyregion.com.ar\/diario\/canada-de-gomez-bomberos-voluntarios-festejo-sus-55-anos\/\" title=\"Read more\" >&#8230;<\/a><\/p>\n","protected":false},"author":2,"featured_media":5377,"comment_status":"open","ping_status":"open","sticky":false,"template":"","format":"standard","meta":{"_jetpack_memberships_contains_paid_content":false,"footnotes":"","jetpack_publicize_message":"","jetpack_publicize_feature_enabled":true,"jetpack_social_post_already_shared":false,"jetpack_social_options":{"image_generator_settings":{"template":"highway","default_image_id":0,"enabled":false},"version":2}},"categories":[6,1,3],"tags":[3256,197,352,163,19,1789,164],"class_list":["post-5375","post","type-post","status-publish","format-standard","has-post-thumbnail","hentry","category-cultura-entretenimiento","category-diario-armstrong","category-region","tag-3256","tag-anos","tag-bomberos","tag-canada","tag-de","tag-festejo","tag-gomez"],"jetpack_publicize_connections":[],"jetpack_featured_media_url":"https:\/\/armstrongyregion.com.ar\/diario\/wp-content\/uploads\/2015\/12\/12334306_10207671400608201_1328413126_o.jpg","jetpack_shortlink":"https:\/\/wp.me\/p62QDO-1oH","jetpack_sharing_enabled":true,"amp_enabled":true,"_links":{"self":[{"href":"https:\/\/armstrongyregion.com.ar\/diario\/wp-json\/wp\/v2\/posts\/5375","targetHints":{"allow":["GET"]}}],"collection":[{"href":"https:\/\/armstrongyregion.com.ar\/diario\/wp-json\/wp\/v2\/posts"}],"about":[{"href":"https:\/\/armstrongyregion.com.ar\/diario\/wp-json\/wp\/v2\/types\/post"}],"author":[{"embeddable":true,"href":"https:\/\/armstrongyregion.com.ar\/diario\/wp-json\/wp\/v2\/users\/2"}],"replies":[{"embeddable":true,"href":"https:\/\/armstrongyregion.com.ar\/diario\/wp-json\/wp\/v2\/comments?post=5375"}],"version-history":[{"count":0,"href":"https:\/\/armstrongyregion.com.ar\/diario\/wp-json\/wp\/v2\/posts\/5375\/revisions"}],"wp:featuredmedia":[{"embeddable":true,"href":"https:\/\/armstrongyregion.com.ar\/diario\/wp-json\/wp\/v2\/media\/5377"}],"wp:attachment":[{"href":"https:\/\/armstrongyregion.com.ar\/diario\/wp-json\/wp\/v2\/media?parent=5375"}],"wp:term":[{"taxonomy":"category","embeddable":true,"href":"https:\/\/armstrongyregion.com.ar\/diario\/wp-json\/wp\/v2\/categories?post=5375"},{"taxonomy":"post_tag","embeddable":true,"href":"https:\/\/armstrongyregion.com.ar\/diario\/wp-json\/wp\/v2\/tags?post=5375"}],"curies":[{"name":"wp","href":"https:\/\/api.w.org\/{rel}","templated":true}]}}