{"id":5372,"date":"2015-12-07T13:48:48","date_gmt":"2015-12-07T13:48:48","guid":{"rendered":"https:\/\/armstrongyregion.com.ar\/diario\/?p=5372"},"modified":"2015-12-07T13:48:48","modified_gmt":"2015-12-07T13:48:48","slug":"estetica-facial-y-corporal-por-dra-rocio-vidal","status":"publish","type":"post","link":"https:\/\/armstrongyregion.com.ar\/diario\/estetica-facial-y-corporal-por-dra-rocio-vidal\/","title":{"rendered":"Est\u00e9tica Facial y Corporal. Por Dra. Roc\u00edo Vidal."},"content":{"rendered":"<p><a href=\"http:\/\/armstrongyregion.com.ar\/diario\/wp-content\/uploads\/2015\/12\/Roc\u00edo-Vidal..jpg\"><img loading=\"lazy\" decoding=\"async\" class=\"alignnone size-medium wp-image-5373\" src=\"http:\/\/armstrongyregion.com.ar\/diario\/wp-content\/uploads\/2015\/12\/Roc\u00edo-Vidal.-300x200.jpg\" alt=\"Roc\u00edo Vidal.\" width=\"300\" height=\"200\" srcset=\"https:\/\/armstrongyregion.com.ar\/diario\/wp-content\/uploads\/2015\/12\/Roc\u00edo-Vidal.-300x200.jpg 300w, https:\/\/armstrongyregion.com.ar\/diario\/wp-content\/uploads\/2015\/12\/Roc\u00edo-Vidal..jpg 800w\" sizes=\"auto, (max-width: 300px) 100vw, 300px\" \/><\/a>A trav\u00e9s de la medicina est\u00e9tica ofrecemos tratamientos para rejuvenecer el rostro sin cirug\u00eda, bas\u00e1ndonos en la armon\u00eda y la naturalidad, tratando algunos puntos faciales, que producen modificaciones sutiles pero evidentes. Con el correr de los a\u00f1os la piel va perdiendo suavidad, tersura y elasticidad, siendo las arrugas el signo m\u00e1s evidente del envejecimiento de la piel. Hoy gracias a distintas t\u00e9cnicas podemos atenuar surcos, borrar arrugas y manchas faciales.<\/p>\n<p>TRATAMIENTOS LOCALIZADOS PARA:<br \/>\nOBESIDAD LOCALIZADA, CELULITIS, Y\/O FLACCIDEZ<br \/>\nCombinando medidas de orden general (alimentaci\u00f3n, actividad f\u00edsica, etc) con el tratamiento localizado, se logra la modelaci\u00f3n del contorno corporal. De esta manera se consigue realizar tratamientos eficientes, siempre y cuando se respeten los tiempos del mismo ya que la continuidad es imprescindible para alcanzar con \u00e9xito los objetivos, con propuestas de resultados l\u00f3gicos, bas\u00e1ndonos en la sinceridad y en nuestros conocimientos atendiendo a cada paciente en forma personal e individual otorg\u00e1ndoles especial cuidado a cada una de sus diferentes necesidades. La medicina est\u00e9tica actual cuenta con una serie de t\u00e9cnicas no invasivas, de avanzada tecnolog\u00eda para el modelado corporal. Se obtienen excelentes resultados combinando varias de las siguientes t\u00e9cnicas seg\u00fan el caso.<br \/>\nPor. Dra. Roc\u00edo Vidal.<br \/>\nMedicina Estetica.<br \/>\nTel. 03471-428744-<br \/>\nCel- 0341-155328851-<\/p>\n<p>PRANA- Instituto Integral. Pio Chiodi 269- Armstrong- Tel. 03471-15571981-<\/p>\n<p>Programa Televisivo \u201cPrevenci\u00f3n y Salud\u201d. Estreno Lunes 13,30hs. Reiteraci\u00f3n Jueves 20hs y S\u00e1bados 12,30hs. CableImagenArmstrong.<\/p>\n<p>Colsecor TV Cooperativa. Mi\u00e9rcoles 12hs.<\/p>\n","protected":false},"excerpt":{"rendered":"<p>A trav\u00e9s de la medicina est\u00e9tica ofrecemos tratamientos para rejuvenecer el rostro sin cirug\u00eda, bas\u00e1ndonos en la armon\u00eda y la naturalidad, tratando algunos puntos faciales, que producen modificaciones sutiles pero evidentes. Con el correr de los a\u00f1os la piel va perdiendo suavidad, tersura y elasticidad, siendo las arrugas el signo m\u00e1s evidente del envejecimiento de <a href=\"https:\/\/armstrongyregion.com.ar\/diario\/estetica-facial-y-corporal-por-dra-rocio-vidal\/\" title=\"Read more\" >&#8230;<\/a><\/p>\n","protected":false},"author":2,"featured_media":5373,"comment_status":"open","ping_status":"open","sticky":false,"template":"","format":"standard","meta":{"_jetpack_memberships_contains_paid_content":false,"footnotes":"","jetpack_publicize_message":"","jetpack_publicize_feature_enabled":true,"jetpack_social_post_already_shared":false,"jetpack_social_options":{"image_generator_settings":{"template":"highway","default_image_id":0,"enabled":false},"version":2}},"categories":[1,2,4,3],"tags":[3253,1613,1612,3252,60,3254,3255,13],"class_list":["post-5372","post","type-post","status-publish","format-standard","has-post-thumbnail","hentry","category-diario-armstrong","category-locales","category-prevencion-salud","category-region","tag-corporal","tag-dra","tag-estetica","tag-facial","tag-por","tag-rocio","tag-vidal","tag-y"],"jetpack_publicize_connections":[],"jetpack_featured_media_url":"https:\/\/armstrongyregion.com.ar\/diario\/wp-content\/uploads\/2015\/12\/Roc\u00edo-Vidal..jpg","jetpack_shortlink":"https:\/\/wp.me\/p62QDO-1oE","jetpack_sharing_enabled":true,"amp_enabled":true,"_links":{"self":[{"href":"https:\/\/armstrongyregion.com.ar\/diario\/wp-json\/wp\/v2\/posts\/5372","targetHints":{"allow":["GET"]}}],"collection":[{"href":"https:\/\/armstrongyregion.com.ar\/diario\/wp-json\/wp\/v2\/posts"}],"about":[{"href":"https:\/\/armstrongyregion.com.ar\/diario\/wp-json\/wp\/v2\/types\/post"}],"author":[{"embeddable":true,"href":"https:\/\/armstrongyregion.com.ar\/diario\/wp-json\/wp\/v2\/users\/2"}],"replies":[{"embeddable":true,"href":"https:\/\/armstrongyregion.com.ar\/diario\/wp-json\/wp\/v2\/comments?post=5372"}],"version-history":[{"count":0,"href":"https:\/\/armstrongyregion.com.ar\/diario\/wp-json\/wp\/v2\/posts\/5372\/revisions"}],"wp:featuredmedia":[{"embeddable":true,"href":"https:\/\/armstrongyregion.com.ar\/diario\/wp-json\/wp\/v2\/media\/5373"}],"wp:attachment":[{"href":"https:\/\/armstrongyregion.com.ar\/diario\/wp-json\/wp\/v2\/media?parent=5372"}],"wp:term":[{"taxonomy":"category","embeddable":true,"href":"https:\/\/armstrongyregion.com.ar\/diario\/wp-json\/wp\/v2\/categories?post=5372"},{"taxonomy":"post_tag","embeddable":true,"href":"https:\/\/armstrongyregion.com.ar\/diario\/wp-json\/wp\/v2\/tags?post=5372"}],"curies":[{"name":"wp","href":"https:\/\/api.w.org\/{rel}","templated":true}]}}