{"id":5369,"date":"2015-12-07T13:35:48","date_gmt":"2015-12-07T13:35:48","guid":{"rendered":"https:\/\/armstrongyregion.com.ar\/diario\/?p=5369"},"modified":"2015-12-07T13:35:48","modified_gmt":"2015-12-07T13:35:48","slug":"al-verano-le-falta-poco","status":"publish","type":"post","link":"https:\/\/armstrongyregion.com.ar\/diario\/al-verano-le-falta-poco\/","title":{"rendered":"Al verano le falta poco."},"content":{"rendered":"<p><a href=\"http:\/\/armstrongyregion.com.ar\/diario\/wp-content\/uploads\/2015\/12\/verano.jpg\"><img loading=\"lazy\" decoding=\"async\" class=\"alignnone size-medium wp-image-5370\" src=\"http:\/\/armstrongyregion.com.ar\/diario\/wp-content\/uploads\/2015\/12\/verano-300x169.jpg\" alt=\"verano\" width=\"300\" height=\"169\" srcset=\"https:\/\/armstrongyregion.com.ar\/diario\/wp-content\/uploads\/2015\/12\/verano-300x169.jpg 300w, https:\/\/armstrongyregion.com.ar\/diario\/wp-content\/uploads\/2015\/12\/verano-1024x576.jpg 1024w, https:\/\/armstrongyregion.com.ar\/diario\/wp-content\/uploads\/2015\/12\/verano-900x506.jpg 900w, https:\/\/armstrongyregion.com.ar\/diario\/wp-content\/uploads\/2015\/12\/verano.jpg 1280w\" sizes=\"auto, (max-width: 300px) 100vw, 300px\" \/><\/a>Es feriado y hace calor. Se nota en el aire que se viene un cambio de estaci\u00f3n. Para hoy, se espera sol y pocas nubes<\/p>\n<p>A la primavera le queda poco tiempo y la cercan\u00eda del verano se siente en el aire. Para este lunes, se espera sol y pocas nubes. Ideal para estar afuera.<\/p>\n<p>El Servicio Meteorol\u00f3gico Nacional (SMN) indica la presencia de cielo algo nublado, vientos leves del noreste, rotando a moderados del sector norte.<\/p>\n<p>Es feriado y el amanecer adelanta una jornada para el descanso al aire libre. Se prev\u00e9 que el term\u00f3metro alcance los 29 grados de temperatura m\u00e1xima.<\/p>\n","protected":false},"excerpt":{"rendered":"<p>Es feriado y hace calor. Se nota en el aire que se viene un cambio de estaci\u00f3n. Para hoy, se espera sol y pocas nubes A la primavera le queda poco tiempo y la cercan\u00eda del verano se siente en el aire. Para este lunes, se espera sol y pocas nubes. Ideal para estar afuera. <a href=\"https:\/\/armstrongyregion.com.ar\/diario\/al-verano-le-falta-poco\/\" title=\"Read more\" >&#8230;<\/a><\/p>\n","protected":false},"author":2,"featured_media":5370,"comment_status":"open","ping_status":"open","sticky":false,"template":"","format":"standard","meta":{"_jetpack_memberships_contains_paid_content":false,"footnotes":"","jetpack_publicize_message":"","jetpack_publicize_feature_enabled":true,"jetpack_social_post_already_shared":false,"jetpack_social_options":{"image_generator_settings":{"template":"highway","default_image_id":0,"enabled":false},"version":2}},"categories":[1,2,3],"tags":[179,1420,631,3251,264],"class_list":["post-5369","post","type-post","status-publish","format-standard","has-post-thumbnail","hentry","category-diario-armstrong","category-locales","category-region","tag-al","tag-falta","tag-le","tag-poco","tag-verano"],"jetpack_publicize_connections":[],"jetpack_featured_media_url":"https:\/\/armstrongyregion.com.ar\/diario\/wp-content\/uploads\/2015\/12\/verano.jpg","jetpack_shortlink":"https:\/\/wp.me\/p62QDO-1oB","jetpack_sharing_enabled":true,"amp_enabled":true,"_links":{"self":[{"href":"https:\/\/armstrongyregion.com.ar\/diario\/wp-json\/wp\/v2\/posts\/5369","targetHints":{"allow":["GET"]}}],"collection":[{"href":"https:\/\/armstrongyregion.com.ar\/diario\/wp-json\/wp\/v2\/posts"}],"about":[{"href":"https:\/\/armstrongyregion.com.ar\/diario\/wp-json\/wp\/v2\/types\/post"}],"author":[{"embeddable":true,"href":"https:\/\/armstrongyregion.com.ar\/diario\/wp-json\/wp\/v2\/users\/2"}],"replies":[{"embeddable":true,"href":"https:\/\/armstrongyregion.com.ar\/diario\/wp-json\/wp\/v2\/comments?post=5369"}],"version-history":[{"count":0,"href":"https:\/\/armstrongyregion.com.ar\/diario\/wp-json\/wp\/v2\/posts\/5369\/revisions"}],"wp:featuredmedia":[{"embeddable":true,"href":"https:\/\/armstrongyregion.com.ar\/diario\/wp-json\/wp\/v2\/media\/5370"}],"wp:attachment":[{"href":"https:\/\/armstrongyregion.com.ar\/diario\/wp-json\/wp\/v2\/media?parent=5369"}],"wp:term":[{"taxonomy":"category","embeddable":true,"href":"https:\/\/armstrongyregion.com.ar\/diario\/wp-json\/wp\/v2\/categories?post=5369"},{"taxonomy":"post_tag","embeddable":true,"href":"https:\/\/armstrongyregion.com.ar\/diario\/wp-json\/wp\/v2\/tags?post=5369"}],"curies":[{"name":"wp","href":"https:\/\/api.w.org\/{rel}","templated":true}]}}