{"id":5363,"date":"2015-12-06T23:32:52","date_gmt":"2015-12-06T23:32:52","guid":{"rendered":"https:\/\/armstrongyregion.com.ar\/diario\/?p=5363"},"modified":"2015-12-06T23:32:52","modified_gmt":"2015-12-06T23:32:52","slug":"clerici-y-el-foro-de-intendentes-se-reunieron-con-lifschitz","status":"publish","type":"post","link":"https:\/\/armstrongyregion.com.ar\/diario\/clerici-y-el-foro-de-intendentes-se-reunieron-con-lifschitz\/","title":{"rendered":"Cl\u00e9rici y el Foro de Intendentes se reunieron con Lifschitz."},"content":{"rendered":"<p><a href=\"http:\/\/armstrongyregion.com.ar\/diario\/wp-content\/uploads\/2015\/12\/IMG-20151205-WA0000.jpg\"><img loading=\"lazy\" decoding=\"async\" class=\"alignnone size-medium wp-image-5364\" src=\"http:\/\/armstrongyregion.com.ar\/diario\/wp-content\/uploads\/2015\/12\/IMG-20151205-WA0000-300x225.jpg\" alt=\"Lifschitz\" width=\"300\" height=\"225\" srcset=\"https:\/\/armstrongyregion.com.ar\/diario\/wp-content\/uploads\/2015\/12\/IMG-20151205-WA0000-300x225.jpg 300w, https:\/\/armstrongyregion.com.ar\/diario\/wp-content\/uploads\/2015\/12\/IMG-20151205-WA0000.jpg 768w\" sizes=\"auto, (max-width: 300px) 100vw, 300px\" \/><\/a>En el encuentro las autoridades comenzaron a delinear un esquema de trabajo conjunto entre Municipio y Provincia a partir del 10 de<br \/>\ndiciembre.<\/p>\n<p>La intendenta Stella Cl\u00e9rici particip\u00f3 de una reuni\u00f3n del Foro de Intendentes justicialistas con el gobernador electo de la provincia<br \/>\nMiguel Lifschitz para comenzar a delinear pol\u00edticas conjuntas de trabajo a partir del pr\u00f3ximo 10 de diciembre.<br \/>\nDe esta manera las autoridades trazaron un panorama de la situaci\u00f3n actual y un esquema de colaboraci\u00f3n entre Municipios y Provincia. \u201cFue<br \/>\nuna reuni\u00f3n muy fruct\u00edfera en la que acordamos un esquema de trabajo conjunto a partir de la asunci\u00f3n del nuevo gobernador Miguel Ligschitz\u201d,<br \/>\nexpres\u00f3 la intendenta.<br \/>\nCl\u00e9rici finalmente record\u00f3 que con Miguel Lifschitz se ven\u00eda dialogando desde hace meses, destacando su visita a la edici\u00f3n anterior de Las Tres<br \/>\nLunas. \u201cEste encuentro sirvi\u00f3 para fijar el objetivo com\u00fan a partir del 10 de diciembre. Gestionaremos entre todos los municipios junto a las<br \/>\nautoridades provinciales por beneficios para los santafesinos\u201d.<\/p>\n","protected":false},"excerpt":{"rendered":"<p>En el encuentro las autoridades comenzaron a delinear un esquema de trabajo conjunto entre Municipio y Provincia a partir del 10 de diciembre. La intendenta Stella Cl\u00e9rici particip\u00f3 de una reuni\u00f3n del Foro de Intendentes justicialistas con el gobernador electo de la provincia Miguel Lifschitz para comenzar a delinear pol\u00edticas conjuntas de trabajo a partir <a href=\"https:\/\/armstrongyregion.com.ar\/diario\/clerici-y-el-foro-de-intendentes-se-reunieron-con-lifschitz\/\" title=\"Read more\" >&#8230;<\/a><\/p>\n","protected":false},"author":2,"featured_media":5364,"comment_status":"open","ping_status":"open","sticky":false,"template":"","format":"standard","meta":{"_jetpack_memberships_contains_paid_content":false,"footnotes":"","jetpack_publicize_message":"","jetpack_publicize_feature_enabled":true,"jetpack_social_post_already_shared":false,"jetpack_social_options":{"image_generator_settings":{"template":"highway","default_image_id":0,"enabled":false},"version":2}},"categories":[1,2,7,3],"tags":[83,100,19,16,3102,1931,34,858,86,13],"class_list":["post-5363","post","type-post","status-publish","format-standard","has-post-thumbnail","hentry","category-diario-armstrong","category-locales","category-politica","category-region","tag-clerici","tag-con","tag-de","tag-el","tag-foro","tag-intendentes","tag-lifschitz","tag-reunieron","tag-se","tag-y"],"jetpack_publicize_connections":[],"jetpack_featured_media_url":"https:\/\/armstrongyregion.com.ar\/diario\/wp-content\/uploads\/2015\/12\/IMG-20151205-WA0000.jpg","jetpack_shortlink":"https:\/\/wp.me\/p62QDO-1ov","jetpack_sharing_enabled":true,"amp_enabled":true,"_links":{"self":[{"href":"https:\/\/armstrongyregion.com.ar\/diario\/wp-json\/wp\/v2\/posts\/5363","targetHints":{"allow":["GET"]}}],"collection":[{"href":"https:\/\/armstrongyregion.com.ar\/diario\/wp-json\/wp\/v2\/posts"}],"about":[{"href":"https:\/\/armstrongyregion.com.ar\/diario\/wp-json\/wp\/v2\/types\/post"}],"author":[{"embeddable":true,"href":"https:\/\/armstrongyregion.com.ar\/diario\/wp-json\/wp\/v2\/users\/2"}],"replies":[{"embeddable":true,"href":"https:\/\/armstrongyregion.com.ar\/diario\/wp-json\/wp\/v2\/comments?post=5363"}],"version-history":[{"count":0,"href":"https:\/\/armstrongyregion.com.ar\/diario\/wp-json\/wp\/v2\/posts\/5363\/revisions"}],"wp:featuredmedia":[{"embeddable":true,"href":"https:\/\/armstrongyregion.com.ar\/diario\/wp-json\/wp\/v2\/media\/5364"}],"wp:attachment":[{"href":"https:\/\/armstrongyregion.com.ar\/diario\/wp-json\/wp\/v2\/media?parent=5363"}],"wp:term":[{"taxonomy":"category","embeddable":true,"href":"https:\/\/armstrongyregion.com.ar\/diario\/wp-json\/wp\/v2\/categories?post=5363"},{"taxonomy":"post_tag","embeddable":true,"href":"https:\/\/armstrongyregion.com.ar\/diario\/wp-json\/wp\/v2\/tags?post=5363"}],"curies":[{"name":"wp","href":"https:\/\/api.w.org\/{rel}","templated":true}]}}