{"id":5357,"date":"2015-12-05T12:24:30","date_gmt":"2015-12-05T12:24:30","guid":{"rendered":"https:\/\/armstrongyregion.com.ar\/diario\/?p=5357"},"modified":"2015-12-05T12:24:30","modified_gmt":"2015-12-05T12:24:30","slug":"pusieron-en-funciones-a-agentes-que-conformaran-la-policia-local","status":"publish","type":"post","link":"https:\/\/armstrongyregion.com.ar\/diario\/pusieron-en-funciones-a-agentes-que-conformaran-la-policia-local\/","title":{"rendered":"Pusieron en funciones a agentes que conformar\u00e1n la Polic\u00eda local."},"content":{"rendered":"<p><a href=\"http:\/\/armstrongyregion.com.ar\/diario\/wp-content\/uploads\/2015\/12\/policia-.jpg\"><img loading=\"lazy\" decoding=\"async\" class=\"alignnone size-medium wp-image-5358\" src=\"http:\/\/armstrongyregion.com.ar\/diario\/wp-content\/uploads\/2015\/12\/policia--300x225.jpg\" alt=\"policia-\" width=\"300\" height=\"225\" srcset=\"https:\/\/armstrongyregion.com.ar\/diario\/wp-content\/uploads\/2015\/12\/policia--300x225.jpg 300w, https:\/\/armstrongyregion.com.ar\/diario\/wp-content\/uploads\/2015\/12\/policia-.jpg 768w\" sizes=\"auto, (max-width: 300px) 100vw, 300px\" \/><\/a>Son 189 efectivos, destinados a 15 localidades del sur provincial, entre ellas Armstrong.<\/p>\n<p>El ministro de Seguridad, Ra\u00fal Lamberto, puso en funciones esta ma\u00f1ana a 189 efectivos de la polic\u00eda destinados a 15 localidades del sur provincial.<\/p>\n<p>Este grupo de agentes forman parte del conjunto de cadetes que egresaron en octubre pasado del Instituto de Seguridad P\u00fablica (ISeP), y que pasar\u00e1n a reforzar las polic\u00edas de 29 ciudades y comunas con las cuales el Ministerio de Seguridad suscribi\u00f3 convenios.<\/p>\n<p>Los agentes destinados a las restantes 14 localidades (224 en total) corresponden al centro \u2013 norte de la provincia y ser\u00e1n puestos en funciones ma\u00f1ana martes, a las 8, con un acto en el ISeP de Recreo.<\/p>\n<p>Al hacer uso de la palabra el ministro asegur\u00f3 que \u201ceste acto pone formalmente en funciones a los agentes en las localidades a las que han sido asignados, y se llega despu\u00e9s de un largo proceso que se inici\u00f3 con la firma de los acuerdos con las autoridades locales. Esto nos permite hacer realidad el objetivo que nos planteamos, consistente en que el personal policial se distribuya en toda la provincia y que llegue tambi\u00e9n a las localidades m\u00e1s chicas\u201d.<\/p>\n<p>Por otra parte el funcionario agreg\u00f3 que \u201cson agentes policiales, tienen estado policial, portan armas reglamentarias, tienen un cargo y lo que se les exige es que tengan un perfil que tarde o temprano debe tener toda la polic\u00eda: que sean una fuerza preventora, de di\u00e1logo, de consenso, de conocer lo territorios y que tengan una idea clara de lo que sucede de acuerdo a la ley\u201d.<\/p>\n<p>\u201cQueremos que se informen y se capaciten porque no alcanza solo con el ISeP, a eso hay que agregarle la formaci\u00f3n propia que hace que sean buenos polic\u00edas, buenas personas y un buen agente p\u00fablico\u201d, culmin\u00f3.<\/p>\n<p>Del acto participaron tambi\u00e9n el jefe de Polic\u00eda de la provincia, Rafael Grau, el subjefe de Polic\u00eda, Jos\u00e9 Luis Amaya, el director del Instituto de Seguridad P\u00fablica, Aniceto Moran, el Representante Territorial del Ministerio de Seguridad de la Regi\u00f3n 4, Nodo Rosario, Gustavo Zignago, la diputada provincial Miriam Cinalli, y los intendentes y presidentes comunales de las distintas localidades.<\/p>\n<p>LOCALIDADES<\/p>\n<p>Los 29 localidades que firmaron convenio oportunamente con la provincia son las siguientes: Alcorta, Chab\u00e1s, Firmat, Rufino, Villa Ca\u00f1\u00e1s, Armstrong, Ca\u00f1ada de G\u00f3mez, El Tr\u00e9bol, Las Parejas, Las Rosas, San Jorge, Maciel, Arroyo Seco, Carcara\u00f1\u00e1, Funes, Rold\u00e1n, Coronda, Esperanza, G\u00e1lvez, San Carlos Centro, San Genaro, Totoras, Ceres, Frontera, San Crist\u00f3bal, San Justo, Sunchales, Tostado y Villa Minetti.<\/p>\n<p>&nbsp;<\/p>\n<p>POLIC\u00cdA LOCAL<\/p>\n<p>A fines de 2014 el gobierno provincial, a trav\u00e9s del Ministerio de Seguridad, suscribi\u00f3 convenios con varias localidades con el objetivo de incorporar agentes policiales que refuercen el trabajo en cada uno de los lugares.<\/p>\n<p>&nbsp;<\/p>\n<p>Luego de atravesado el proceso de selecci\u00f3n, los cadetes egresados comenzaron con el cursado en febrero y despu\u00e9s de capacitarse en diversas materias acad\u00e9micas y operacionales aprobaron el plan de estudios correspondientes al 1\u00ba a\u00f1o de la carrera de T\u00e9cnico Superior en Seguridad P\u00fablica y Ciudadana.<\/p>\n<p>Los egresados se incorporan a la fuerza en cada una de esas localidades bajo la figura de \u201calta en comisi\u00f3n\u201d hasta tanto culminen con el cursado de la carrera.<\/p>\n<p>A Armstrong vendr\u00e1n 12 agentes policiales, 7 hombres y 5 mujeres.<\/p>\n","protected":false},"excerpt":{"rendered":"<p>Son 189 efectivos, destinados a 15 localidades del sur provincial, entre ellas Armstrong. El ministro de Seguridad, Ra\u00fal Lamberto, puso en funciones esta ma\u00f1ana a 189 efectivos de la polic\u00eda destinados a 15 localidades del sur provincial. Este grupo de agentes forman parte del conjunto de cadetes que egresaron en octubre pasado del Instituto de <a href=\"https:\/\/armstrongyregion.com.ar\/diario\/pusieron-en-funciones-a-agentes-que-conformaran-la-policia-local\/\" title=\"Read more\" >&#8230;<\/a><\/p>\n","protected":false},"author":2,"featured_media":5358,"comment_status":"open","ping_status":"open","sticky":false,"template":"","format":"standard","meta":{"_jetpack_memberships_contains_paid_content":false,"footnotes":"","jetpack_publicize_message":"","jetpack_publicize_feature_enabled":true,"jetpack_social_post_already_shared":false,"jetpack_social_options":{"image_generator_settings":{"template":"highway","default_image_id":0,"enabled":false},"version":2}},"categories":[1,2,2852,3],"tags":[1200,40,146],"class_list":["post-5357","post","type-post","status-publish","format-standard","has-post-thumbnail","hentry","category-diario-armstrong","category-locales","category-policiales","category-region","tag-local","tag-mas","tag-policia"],"jetpack_publicize_connections":[],"jetpack_featured_media_url":"https:\/\/armstrongyregion.com.ar\/diario\/wp-content\/uploads\/2015\/12\/policia-.jpg","jetpack_shortlink":"https:\/\/wp.me\/p62QDO-1op","jetpack_sharing_enabled":true,"amp_enabled":true,"_links":{"self":[{"href":"https:\/\/armstrongyregion.com.ar\/diario\/wp-json\/wp\/v2\/posts\/5357","targetHints":{"allow":["GET"]}}],"collection":[{"href":"https:\/\/armstrongyregion.com.ar\/diario\/wp-json\/wp\/v2\/posts"}],"about":[{"href":"https:\/\/armstrongyregion.com.ar\/diario\/wp-json\/wp\/v2\/types\/post"}],"author":[{"embeddable":true,"href":"https:\/\/armstrongyregion.com.ar\/diario\/wp-json\/wp\/v2\/users\/2"}],"replies":[{"embeddable":true,"href":"https:\/\/armstrongyregion.com.ar\/diario\/wp-json\/wp\/v2\/comments?post=5357"}],"version-history":[{"count":0,"href":"https:\/\/armstrongyregion.com.ar\/diario\/wp-json\/wp\/v2\/posts\/5357\/revisions"}],"wp:featuredmedia":[{"embeddable":true,"href":"https:\/\/armstrongyregion.com.ar\/diario\/wp-json\/wp\/v2\/media\/5358"}],"wp:attachment":[{"href":"https:\/\/armstrongyregion.com.ar\/diario\/wp-json\/wp\/v2\/media?parent=5357"}],"wp:term":[{"taxonomy":"category","embeddable":true,"href":"https:\/\/armstrongyregion.com.ar\/diario\/wp-json\/wp\/v2\/categories?post=5357"},{"taxonomy":"post_tag","embeddable":true,"href":"https:\/\/armstrongyregion.com.ar\/diario\/wp-json\/wp\/v2\/tags?post=5357"}],"curies":[{"name":"wp","href":"https:\/\/api.w.org\/{rel}","templated":true}]}}