{"id":533,"date":"2015-01-22T12:07:43","date_gmt":"2015-01-22T12:07:43","guid":{"rendered":"https:\/\/armstrongyregion.com.ar\/diario\/?p=533"},"modified":"2015-01-22T12:12:58","modified_gmt":"2015-01-22T12:12:58","slug":"este-viernes-%c2%a8palabras-callejeras%c2%a8-en-la-plaza-flotron","status":"publish","type":"post","link":"https:\/\/armstrongyregion.com.ar\/diario\/este-viernes-%c2%a8palabras-callejeras%c2%a8-en-la-plaza-flotron\/","title":{"rendered":"Este viernes \u00a8Palabras Callejeras\u00a8 en la Plaza Flotron."},"content":{"rendered":"<p><a href=\"http:\/\/armstrongyregion.com.ar\/diario\/wp-content\/uploads\/2015\/01\/CAM00518-300x1681.jpg\"><img loading=\"lazy\" decoding=\"async\" class=\"alignnone size-full wp-image-534\" src=\"http:\/\/armstrongyregion.com.ar\/diario\/wp-content\/uploads\/2015\/01\/CAM00518-300x1681.jpg\" alt=\"palabras callejeras.\" width=\"300\" height=\"168\" \/><\/a>El Taller Literario de la Biblioteca Popular Sarmiento, presentar\u00e1 sus producciones este viernes 23 de enero en la Plaza Flotron a las 19:30 hs. y el pr\u00f3ximo 20 de febrero en la Plaza P\u00e9rez Esquivel a las 20:30 hs.<br \/>\nEste encuentro denominado \u201cPalabras callejeras\u201d, es la culminaci\u00f3n de un proyecto de talleres literarios que aflora a los espacios p\u00fablicos, sale de un recinto que es la biblioteca y hace p\u00fablica la producci\u00f3n.\u201d<br \/>\nIntegrantes del taller literario a cargo de Stella Micelli informaron que ocho talleristas presentar\u00e1n y compartir\u00e1n sus creaciones con los presentes, haciendo extensiva la invitaci\u00f3n a toda la comunidad a pasar un momento agradable.<\/p>\n","protected":false},"excerpt":{"rendered":"<p>El Taller Literario de la Biblioteca Popular Sarmiento, presentar\u00e1 sus producciones este viernes 23 de enero en la Plaza Flotron a las 19:30 hs. y el pr\u00f3ximo 20 de febrero en la Plaza P\u00e9rez Esquivel a las 20:30 hs. Este encuentro denominado \u201cPalabras callejeras\u201d, es la culminaci\u00f3n de un proyecto de talleres literarios que aflora <a href=\"https:\/\/armstrongyregion.com.ar\/diario\/este-viernes-%c2%a8palabras-callejeras%c2%a8-en-la-plaza-flotron\/\" title=\"Read more\" >&#8230;<\/a><\/p>\n","protected":false},"author":2,"featured_media":534,"comment_status":"open","ping_status":"open","sticky":false,"template":"","format":"standard","meta":{"_jetpack_memberships_contains_paid_content":false,"footnotes":"","jetpack_publicize_message":"","jetpack_publicize_feature_enabled":true,"jetpack_social_post_already_shared":false,"jetpack_social_options":{"image_generator_settings":{"template":"highway","default_image_id":0,"enabled":false},"version":2}},"categories":[6,1,2],"tags":[514,515,15,162,516,31,283,513],"class_list":["post-533","post","type-post","status-publish","format-standard","has-post-thumbnail","hentry","category-cultura-entretenimiento","category-diario-armstrong","category-locales","tag-palabras","tag-callejeras","tag-en","tag-este","tag-flotron","tag-la","tag-plaza","tag-viernes"],"jetpack_publicize_connections":[],"jetpack_featured_media_url":"https:\/\/armstrongyregion.com.ar\/diario\/wp-content\/uploads\/2015\/01\/CAM00518-300x1681.jpg","jetpack_shortlink":"https:\/\/wp.me\/p62QDO-8B","jetpack_sharing_enabled":true,"amp_enabled":true,"_links":{"self":[{"href":"https:\/\/armstrongyregion.com.ar\/diario\/wp-json\/wp\/v2\/posts\/533","targetHints":{"allow":["GET"]}}],"collection":[{"href":"https:\/\/armstrongyregion.com.ar\/diario\/wp-json\/wp\/v2\/posts"}],"about":[{"href":"https:\/\/armstrongyregion.com.ar\/diario\/wp-json\/wp\/v2\/types\/post"}],"author":[{"embeddable":true,"href":"https:\/\/armstrongyregion.com.ar\/diario\/wp-json\/wp\/v2\/users\/2"}],"replies":[{"embeddable":true,"href":"https:\/\/armstrongyregion.com.ar\/diario\/wp-json\/wp\/v2\/comments?post=533"}],"version-history":[{"count":0,"href":"https:\/\/armstrongyregion.com.ar\/diario\/wp-json\/wp\/v2\/posts\/533\/revisions"}],"wp:featuredmedia":[{"embeddable":true,"href":"https:\/\/armstrongyregion.com.ar\/diario\/wp-json\/wp\/v2\/media\/534"}],"wp:attachment":[{"href":"https:\/\/armstrongyregion.com.ar\/diario\/wp-json\/wp\/v2\/media?parent=533"}],"wp:term":[{"taxonomy":"category","embeddable":true,"href":"https:\/\/armstrongyregion.com.ar\/diario\/wp-json\/wp\/v2\/categories?post=533"},{"taxonomy":"post_tag","embeddable":true,"href":"https:\/\/armstrongyregion.com.ar\/diario\/wp-json\/wp\/v2\/tags?post=533"}],"curies":[{"name":"wp","href":"https:\/\/api.w.org\/{rel}","templated":true}]}}