{"id":530,"date":"2015-01-22T12:05:23","date_gmt":"2015-01-22T12:05:23","guid":{"rendered":"https:\/\/armstrongyregion.com.ar\/diario\/?p=530"},"modified":"2015-01-22T12:05:23","modified_gmt":"2015-01-22T12:05:23","slug":"canada-de-gomez-ya-trabaja-en-el-plan-de-forestacion-para-este-ano","status":"publish","type":"post","link":"https:\/\/armstrongyregion.com.ar\/diario\/canada-de-gomez-ya-trabaja-en-el-plan-de-forestacion-para-este-ano\/","title":{"rendered":"Ca\u00f1ada de G\u00f3mez ya trabaja en el plan de forestaci\u00f3n para este a\u00f1o."},"content":{"rendered":"<p><a href=\"http:\/\/armstrongyregion.com.ar\/diario\/wp-content\/uploads\/2015\/01\/IMG_9774.jpg\"><img loading=\"lazy\" decoding=\"async\" class=\"alignnone size-medium wp-image-531\" src=\"http:\/\/armstrongyregion.com.ar\/diario\/wp-content\/uploads\/2015\/01\/IMG_9774-300x173.jpg\" alt=\"Ca\u00f1ada Forestaci\u00f3n.\" width=\"300\" height=\"173\" srcset=\"https:\/\/armstrongyregion.com.ar\/diario\/wp-content\/uploads\/2015\/01\/IMG_9774-300x173.jpg 300w, https:\/\/armstrongyregion.com.ar\/diario\/wp-content\/uploads\/2015\/01\/IMG_9774.jpg 519w\" sizes=\"auto, (max-width: 300px) 100vw, 300px\" \/><\/a>En 2014 se plantaron ceca de mil \u00e1rboles y m\u00e1s de 16 mil plantines.<br \/>\nRecientemente se colocaron arbustos en la zona c\u00e9ntrica, en tanto se \u00a0planifica el programa para los pr\u00f3ximos meses.<\/p>\n<p>Desde la dependencia municipal de arbolado p\u00fablico ya se encuentran \u00a0trabajando en el programa de forestaci\u00f3n correspondiente al 2015, en<br \/>\ntanto destacaron que en el pasado a\u00f1o se plantaron 945 \u00e1rboles y m\u00e1s de<br \/>\n16 mil plantines.<br \/>\nEn el pr\u00f3ximo mes de mayo se inicia la forestaci\u00f3n correspondiente, por<br \/>\nlo que ya se est\u00e1 realizando la planificaci\u00f3n necesaria. Mientras tanto<br \/>\nrecientemente se repusieron arbustos en la zona c\u00e9ntrica. \u201cSeguimos<br \/>\ntrabajando en el plan de forestaci\u00f3n. En el 2014 se repuso una gran<br \/>\ncantidad de ejemplares y este a\u00f1o a partir de mayo se va a hacer lo<br \/>\nmismo\u201d, explicaron.<\/p>\n","protected":false},"excerpt":{"rendered":"<p>En 2014 se plantaron ceca de mil \u00e1rboles y m\u00e1s de 16 mil plantines. Recientemente se colocaron arbustos en la zona c\u00e9ntrica, en tanto se \u00a0planifica el programa para los pr\u00f3ximos meses. Desde la dependencia municipal de arbolado p\u00fablico ya se encuentran \u00a0trabajando en el programa de forestaci\u00f3n correspondiente al 2015, en tanto destacaron que <a href=\"https:\/\/armstrongyregion.com.ar\/diario\/canada-de-gomez-ya-trabaja-en-el-plan-de-forestacion-para-este-ano\/\" title=\"Read more\" >&#8230;<\/a><\/p>\n","protected":false},"author":2,"featured_media":531,"comment_status":"open","ping_status":"open","sticky":false,"template":"","format":"standard","meta":{"_jetpack_memberships_contains_paid_content":false,"footnotes":"","jetpack_publicize_message":"","jetpack_publicize_feature_enabled":true,"jetpack_social_post_already_shared":false,"jetpack_social_options":{"image_generator_settings":{"template":"highway","default_image_id":0,"enabled":false},"version":2}},"categories":[1,3],"tags":[154,163,19,16,15,162,512,164,81,177,511,173],"class_list":["post-530","post","type-post","status-publish","format-standard","has-post-thumbnail","hentry","category-diario-armstrong","category-region","tag-ano","tag-canada","tag-de","tag-el","tag-en","tag-este","tag-forestacion","tag-gomez","tag-para","tag-plan","tag-trabaja","tag-ya"],"jetpack_publicize_connections":[],"jetpack_featured_media_url":"https:\/\/armstrongyregion.com.ar\/diario\/wp-content\/uploads\/2015\/01\/IMG_9774.jpg","jetpack_shortlink":"https:\/\/wp.me\/p62QDO-8y","jetpack_sharing_enabled":true,"amp_enabled":true,"_links":{"self":[{"href":"https:\/\/armstrongyregion.com.ar\/diario\/wp-json\/wp\/v2\/posts\/530","targetHints":{"allow":["GET"]}}],"collection":[{"href":"https:\/\/armstrongyregion.com.ar\/diario\/wp-json\/wp\/v2\/posts"}],"about":[{"href":"https:\/\/armstrongyregion.com.ar\/diario\/wp-json\/wp\/v2\/types\/post"}],"author":[{"embeddable":true,"href":"https:\/\/armstrongyregion.com.ar\/diario\/wp-json\/wp\/v2\/users\/2"}],"replies":[{"embeddable":true,"href":"https:\/\/armstrongyregion.com.ar\/diario\/wp-json\/wp\/v2\/comments?post=530"}],"version-history":[{"count":0,"href":"https:\/\/armstrongyregion.com.ar\/diario\/wp-json\/wp\/v2\/posts\/530\/revisions"}],"wp:featuredmedia":[{"embeddable":true,"href":"https:\/\/armstrongyregion.com.ar\/diario\/wp-json\/wp\/v2\/media\/531"}],"wp:attachment":[{"href":"https:\/\/armstrongyregion.com.ar\/diario\/wp-json\/wp\/v2\/media?parent=530"}],"wp:term":[{"taxonomy":"category","embeddable":true,"href":"https:\/\/armstrongyregion.com.ar\/diario\/wp-json\/wp\/v2\/categories?post=530"},{"taxonomy":"post_tag","embeddable":true,"href":"https:\/\/armstrongyregion.com.ar\/diario\/wp-json\/wp\/v2\/tags?post=530"}],"curies":[{"name":"wp","href":"https:\/\/api.w.org\/{rel}","templated":true}]}}