{"id":5286,"date":"2015-12-02T10:57:47","date_gmt":"2015-12-02T10:57:47","guid":{"rendered":"https:\/\/armstrongyregion.com.ar\/diario\/?p=5286"},"modified":"2015-12-02T11:02:04","modified_gmt":"2015-12-02T11:02:04","slug":"principio-de-incendio-en-una-vivienda-del-barrio-sur","status":"publish","type":"post","link":"https:\/\/armstrongyregion.com.ar\/diario\/principio-de-incendio-en-una-vivienda-del-barrio-sur\/","title":{"rendered":"Armstrong. Principio de incendio en una vivienda del barrio sur."},"content":{"rendered":"<p><a href=\"http:\/\/armstrongyregion.com.ar\/diario\/wp-content\/uploads\/2015\/12\/11220059_950870084993739_2129302935319093009_n.jpg\"><img loading=\"lazy\" decoding=\"async\" class=\"alignnone size-medium wp-image-5287\" src=\"http:\/\/armstrongyregion.com.ar\/diario\/wp-content\/uploads\/2015\/12\/11220059_950870084993739_2129302935319093009_n-300x168.jpg\" alt=\"Incendio-Armstrong-\" width=\"300\" height=\"168\" srcset=\"https:\/\/armstrongyregion.com.ar\/diario\/wp-content\/uploads\/2015\/12\/11220059_950870084993739_2129302935319093009_n-300x168.jpg 300w, https:\/\/armstrongyregion.com.ar\/diario\/wp-content\/uploads\/2015\/12\/11220059_950870084993739_2129302935319093009_n.jpg 960w\" sizes=\"auto, (max-width: 300px) 100vw, 300px\" \/><\/a>Minutos antes de las 2 de la ma\u00f1ana de este mi\u00e9rcoles se produjo el principio de incendio en una casa de calle Shaer 1251, donde reside un matrimonio y sus dos peque\u00f1os hijos.<\/p>\n<p>Seg\u00fan lo manifestado por el propietario Pablo Stefoni, el foco del fuego se habr\u00eda iniciado en el termotanque.<\/p>\n<p>Intervinieron Bomberos Voluntarios de nuestra ciudad. Los integrantes de la familia afortunadamente, no sufrieron consecuencias por este dram\u00e1tico episodio.<\/p>\n<p>Informe Jorge Tagina para Armstrong y Region.<\/p>\n","protected":false},"excerpt":{"rendered":"<p>Minutos antes de las 2 de la ma\u00f1ana de este mi\u00e9rcoles se produjo el principio de incendio en una casa de calle Shaer 1251, donde reside un matrimonio y sus dos peque\u00f1os hijos. Seg\u00fan lo manifestado por el propietario Pablo Stefoni, el foco del fuego se habr\u00eda iniciado en el termotanque. Intervinieron Bomberos Voluntarios de <a href=\"https:\/\/armstrongyregion.com.ar\/diario\/principio-de-incendio-en-una-vivienda-del-barrio-sur\/\" title=\"Read more\" >&#8230;<\/a><\/p>\n","protected":false},"author":2,"featured_media":5287,"comment_status":"open","ping_status":"open","sticky":false,"template":"","format":"standard","meta":{"_jetpack_memberships_contains_paid_content":false,"footnotes":"","jetpack_publicize_message":"","jetpack_publicize_feature_enabled":true,"jetpack_social_post_already_shared":false,"jetpack_social_options":{"image_generator_settings":{"template":"highway","default_image_id":0,"enabled":false},"version":2}},"categories":[1,2,3],"tags":[288,19,53,15,449,3236,954,103,104],"class_list":["post-5286","post","type-post","status-publish","format-standard","has-post-thumbnail","hentry","category-diario-armstrong","category-locales","category-region","tag-barrio","tag-de","tag-del","tag-en","tag-incendio","tag-principio","tag-sur","tag-una","tag-vivienda"],"jetpack_publicize_connections":[],"jetpack_featured_media_url":"https:\/\/armstrongyregion.com.ar\/diario\/wp-content\/uploads\/2015\/12\/11220059_950870084993739_2129302935319093009_n.jpg","jetpack_shortlink":"https:\/\/wp.me\/p62QDO-1ng","jetpack_sharing_enabled":true,"amp_enabled":true,"_links":{"self":[{"href":"https:\/\/armstrongyregion.com.ar\/diario\/wp-json\/wp\/v2\/posts\/5286","targetHints":{"allow":["GET"]}}],"collection":[{"href":"https:\/\/armstrongyregion.com.ar\/diario\/wp-json\/wp\/v2\/posts"}],"about":[{"href":"https:\/\/armstrongyregion.com.ar\/diario\/wp-json\/wp\/v2\/types\/post"}],"author":[{"embeddable":true,"href":"https:\/\/armstrongyregion.com.ar\/diario\/wp-json\/wp\/v2\/users\/2"}],"replies":[{"embeddable":true,"href":"https:\/\/armstrongyregion.com.ar\/diario\/wp-json\/wp\/v2\/comments?post=5286"}],"version-history":[{"count":0,"href":"https:\/\/armstrongyregion.com.ar\/diario\/wp-json\/wp\/v2\/posts\/5286\/revisions"}],"wp:featuredmedia":[{"embeddable":true,"href":"https:\/\/armstrongyregion.com.ar\/diario\/wp-json\/wp\/v2\/media\/5287"}],"wp:attachment":[{"href":"https:\/\/armstrongyregion.com.ar\/diario\/wp-json\/wp\/v2\/media?parent=5286"}],"wp:term":[{"taxonomy":"category","embeddable":true,"href":"https:\/\/armstrongyregion.com.ar\/diario\/wp-json\/wp\/v2\/categories?post=5286"},{"taxonomy":"post_tag","embeddable":true,"href":"https:\/\/armstrongyregion.com.ar\/diario\/wp-json\/wp\/v2\/tags?post=5286"}],"curies":[{"name":"wp","href":"https:\/\/api.w.org\/{rel}","templated":true}]}}