{"id":5283,"date":"2015-12-01T21:34:37","date_gmt":"2015-12-01T21:34:37","guid":{"rendered":"https:\/\/armstrongyregion.com.ar\/diario\/?p=5283"},"modified":"2015-12-01T21:34:37","modified_gmt":"2015-12-01T21:34:37","slug":"mario-bravo-se-encontro-con-su-mama-escucho-mi-llanto-y-ahora-mi-voz","status":"publish","type":"post","link":"https:\/\/armstrongyregion.com.ar\/diario\/mario-bravo-se-encontro-con-su-mama-escucho-mi-llanto-y-ahora-mi-voz\/","title":{"rendered":"Mario Bravo se encontr\u00f3 con su mam\u00e1: \u00abEscuch\u00f3 mi llanto y ahora mi voz\u00bb"},"content":{"rendered":"<p><a href=\"http:\/\/armstrongyregion.com.ar\/diario\/wp-content\/uploads\/2015\/12\/abuelas.jpg_1572130063.jpg\"><img loading=\"lazy\" decoding=\"async\" class=\"alignnone size-medium wp-image-5284\" src=\"http:\/\/armstrongyregion.com.ar\/diario\/wp-content\/uploads\/2015\/12\/abuelas.jpg_1572130063-300x169.jpg\" alt=\"abuelas.\" width=\"300\" height=\"169\" srcset=\"https:\/\/armstrongyregion.com.ar\/diario\/wp-content\/uploads\/2015\/12\/abuelas.jpg_1572130063-300x169.jpg 300w, https:\/\/armstrongyregion.com.ar\/diario\/wp-content\/uploads\/2015\/12\/abuelas.jpg_1572130063.jpg 760w\" sizes=\"auto, (max-width: 300px) 100vw, 300px\" \/><\/a>En la sede de Abuelas de Plaza de Mayo, el nieto recuperado n\u00famero 119, cont\u00f3 que la reuni\u00f3n con su madre fue \u201cmuy emotiva\u201d. Dijo que sus padres adoptivos, de la localidad santafesina de Las Rosas, fueron enga\u00f1ados. Estela de Carlotto reforz\u00f3 la necesidad de investigar lo ocurrido en la dictadura.<\/p>\n<p>Con una conferencia de prensa encabezada por Estela de Carlotto, Mario Bravo, el nieto recuperado n\u00famero 119, cont\u00f3 este martes que el encuentro con su mam\u00e1 Sara fue \u201cmuy lindo y emotivo\u201d.<\/p>\n<p>Mario, que vive en la localidad santafesina de Las Rosas, viaj\u00f3 a Capital Federal primero para encontrarse con su mam\u00e1 y luego para participar de la conferencia en la sede de Abuelas.<\/p>\n<p>\u201cEl encuentro con mi mam\u00e1 fue muy lindo y emotivo. Se te mueven muchas cosas, sobre todo cuando sos padre. Hay que tener fe, que todo llega. Hay que animarse\u201d, dijo Mario con emoci\u00f3n.<\/p>\n<p>Tambi\u00e9n cont\u00f3 que sus padres de crianza fueron enga\u00f1ados cuando lo adoptaron. \u201cMe mentir\u00eda si reniego de mis padres de crianza. Ellos me contaron c\u00f3mo fue, en mi pueblo los conocen. Ven\u00edan de perder una hija. En los pueblos no se sab\u00eda tanto lo que pasaba\u201d, cont\u00f3 sobre su adopci\u00f3n durante la dictadura.<\/p>\n<p>\u201cAhora tengo otros seis hermanos m\u00e1s y muchos gastos para Navidad\u201d, dijo entre risas el nieto 119 acompa\u00f1ado por Estela de Carlotto y el secretario de Derechos Humanos de la Naci\u00f3n, Mart\u00edn Fresneda.<\/p>\n<p>\u00abMi mam\u00e1 me dijo que me hablaba mucho en su panza. Le dije que hab\u00eda hecho mucho. Falt\u00f3 un ratito nom\u00e1s pero hizo lo m\u00e1s importante: buscarme\u00bb, a\u00f1adi\u00f3.<\/p>\n<p>Sobre el encuentro con su mam\u00e1 Sara indic\u00f3: \u00abEscuch\u00f3 mi llanto y ahora mi voz, despu\u00e9s de 38 a\u00f1os\u201d. Agreg\u00f3 que ella viaj\u00f3 desde Tucum\u00e1n para el reencuentro pero prefiri\u00f3 mantener el perfil bajo y preservar su identidad. Por eso, no estuvo en la conferencia de prensa.<\/p>\n<p>Mario agradeci\u00f3 a su mujer y a sus hijos por acompa\u00f1arlo y detall\u00f3 por qu\u00e9 se decidi\u00f3 presentarse a Abuelas: \u00abSoy padre, \u00bfc\u00f3mo le respondo a mi hijo si me pregunta de d\u00f3nde vengo?\u201d, dijo.<\/p>\n<p>Reforzar las investigaciones<\/p>\n<p>Antes de Mario, Estela de Carlotto resalt\u00f3 que \u00abhoy que desde algunos pol\u00edticos y medi\u00e1ticos se intenta dar voz a la idea de reconciliaci\u00f3n, se refuerza la necesidad de investigar lo ocurrido\u00bb y destac\u00f3 la b\u00fasqueda de Sara, \u00abquien busc\u00f3 primero en soledad y luego con el apoyo del Estado\u00bb, lo que ocasion\u00f3 un ovaci\u00f3n cerrada de los presentes.<br \/>\nMario Bravo, el nieto 119 en recuperar su identidad, es el sexto que puede reencontrarse con su madre biol\u00f3gica, ya que ya hubo otros cinco nietos que recuperaron su identidad robada por el terrorismo de Estado y se reencontraron con sus padres biol\u00f3gicos.<\/p>\n<p>Seg\u00fan inform\u00f3 la organizaci\u00f3n Abuelas de Plaza de Mayo, la madre de Mario, de nombre Sara (cuyo apellido se mantiene en reserva) naci\u00f3 el 25 de enero de 1956 en Tucum\u00e1n. En 1975, trabajaba en un hotel de la capital de esa provincia, donde viv\u00eda junto a sus dos hijas, de 3 a\u00f1os y de un a\u00f1o.<\/p>\n<p>En julio de 1975, al regresar del trabajo por la madrugada, fue interceptada por un auto en la puerta de su vivienda. La llevaron a una comisar\u00eda, luego a la Jefatura de la Polic\u00eda provincial y posteriormente a la C\u00e1rcel de Villa Urquiza, en donde permaneci\u00f3 en calidad de detenida-desaparecida y dio a luz en cautiverio, en la misma c\u00e1rcel, entre mayo y junio de 1976. El beb\u00e9 le fue arrebatado inmediatamente por un enfermero y Sara jam\u00e1s lo volvi\u00f3 a ver.<\/p>\n<p>Fue liberada en noviembre de 1976 a la vera de un ca\u00f1averal, y desde ese sitio camin\u00f3 hasta el Hospital del Carmen en donde permaneci\u00f3 internada hasta que pudo volver a su casa.<\/p>\n<p>Sara, se contact\u00f3 en 2006 con la Secretar\u00eda de Derechos Humanos de la Naci\u00f3n, y all\u00ed tom\u00f3 intervenci\u00f3n la Comisi\u00f3n Nacional por el Derecho a la Identidad (Conadi). Este organismo abri\u00f3 un legajo de investigaci\u00f3n y en septiembre de 2007 su sangre fue ingresada al Banco Nacional de Datos Gen\u00e9ticos.<\/p>\n<p>Mientras tanto, el joven fue haciendo su propia b\u00fasqueda. Desde muy chico sospechaba que no era hijo de quienes lo criaron y si bien a \u00e9l nunca le confirmaron esta duda, personas de su entorno s\u00ed conoc\u00edan su situaci\u00f3n. Inscripto como nacido en 1977 en Las Rosas, Santa Fe -donde se cri\u00f3-, sus dudas fueron creciendo con el tiempo.<\/p>\n<p>En febrero de este a\u00f1o, se anim\u00f3 a presentarse en la filial de Abuelas de Rosario, se le brind\u00f3 la contenci\u00f3n y el acompa\u00f1amiento que se ofrece a todos los que se acercan para averiguar su origen, y se deriv\u00f3 su caso a la Conadi. En agosto se le efectu\u00f3 la extracci\u00f3n de sangre y, el 19 de noviembre \u00faltimo, se inform\u00f3 el resultado del entrecruzamiento, que confirm\u00f3 que es hijo de Sara.<br \/>\nRosario3.com.<\/p>\n","protected":false},"excerpt":{"rendered":"<p>En la sede de Abuelas de Plaza de Mayo, el nieto recuperado n\u00famero 119, cont\u00f3 que la reuni\u00f3n con su madre fue \u201cmuy emotiva\u201d. Dijo que sus padres adoptivos, de la localidad santafesina de Las Rosas, fueron enga\u00f1ados. Estela de Carlotto reforz\u00f3 la necesidad de investigar lo ocurrido en la dictadura. Con una conferencia de <a href=\"https:\/\/armstrongyregion.com.ar\/diario\/mario-bravo-se-encontro-con-su-mama-escucho-mi-llanto-y-ahora-mi-voz\/\" title=\"Read more\" >&#8230;<\/a><\/p>\n","protected":false},"author":2,"featured_media":5284,"comment_status":"open","ping_status":"open","sticky":false,"template":"","format":"standard","meta":{"_jetpack_memberships_contains_paid_content":false,"footnotes":"","jetpack_publicize_message":"","jetpack_publicize_feature_enabled":true,"jetpack_social_post_already_shared":false,"jetpack_social_options":{"image_generator_settings":{"template":"highway","default_image_id":0,"enabled":false},"version":2}},"categories":[1,2819,3],"tags":[3235,100,1528,623,799,86,35],"class_list":["post-5283","post","type-post","status-publish","format-standard","has-post-thumbnail","hentry","category-diario-armstrong","category-el-pais","category-region","tag-bravo","tag-con","tag-encontro","tag-mama","tag-mario","tag-se","tag-su"],"jetpack_publicize_connections":[],"jetpack_featured_media_url":"https:\/\/armstrongyregion.com.ar\/diario\/wp-content\/uploads\/2015\/12\/abuelas.jpg_1572130063.jpg","jetpack_shortlink":"https:\/\/wp.me\/p62QDO-1nd","jetpack_sharing_enabled":true,"amp_enabled":true,"_links":{"self":[{"href":"https:\/\/armstrongyregion.com.ar\/diario\/wp-json\/wp\/v2\/posts\/5283","targetHints":{"allow":["GET"]}}],"collection":[{"href":"https:\/\/armstrongyregion.com.ar\/diario\/wp-json\/wp\/v2\/posts"}],"about":[{"href":"https:\/\/armstrongyregion.com.ar\/diario\/wp-json\/wp\/v2\/types\/post"}],"author":[{"embeddable":true,"href":"https:\/\/armstrongyregion.com.ar\/diario\/wp-json\/wp\/v2\/users\/2"}],"replies":[{"embeddable":true,"href":"https:\/\/armstrongyregion.com.ar\/diario\/wp-json\/wp\/v2\/comments?post=5283"}],"version-history":[{"count":0,"href":"https:\/\/armstrongyregion.com.ar\/diario\/wp-json\/wp\/v2\/posts\/5283\/revisions"}],"wp:featuredmedia":[{"embeddable":true,"href":"https:\/\/armstrongyregion.com.ar\/diario\/wp-json\/wp\/v2\/media\/5284"}],"wp:attachment":[{"href":"https:\/\/armstrongyregion.com.ar\/diario\/wp-json\/wp\/v2\/media?parent=5283"}],"wp:term":[{"taxonomy":"category","embeddable":true,"href":"https:\/\/armstrongyregion.com.ar\/diario\/wp-json\/wp\/v2\/categories?post=5283"},{"taxonomy":"post_tag","embeddable":true,"href":"https:\/\/armstrongyregion.com.ar\/diario\/wp-json\/wp\/v2\/tags?post=5283"}],"curies":[{"name":"wp","href":"https:\/\/api.w.org\/{rel}","templated":true}]}}