{"id":5275,"date":"2015-12-01T15:08:59","date_gmt":"2015-12-01T15:08:59","guid":{"rendered":"https:\/\/armstrongyregion.com.ar\/diario\/?p=5275"},"modified":"2015-12-01T15:08:59","modified_gmt":"2015-12-01T15:08:59","slug":"dia-mundial-de-la-lucha-contra-el-sida","status":"publish","type":"post","link":"https:\/\/armstrongyregion.com.ar\/diario\/dia-mundial-de-la-lucha-contra-el-sida\/","title":{"rendered":"D\u00eda Mundial de la Lucha contra el Sida."},"content":{"rendered":"<p><a href=\"http:\/\/armstrongyregion.com.ar\/diario\/wp-content\/uploads\/2015\/12\/1dic.jpg\"><img loading=\"lazy\" decoding=\"async\" class=\"alignnone size-medium wp-image-5276\" src=\"http:\/\/armstrongyregion.com.ar\/diario\/wp-content\/uploads\/2015\/12\/1dic-300x225.jpg\" alt=\"1dic\" width=\"300\" height=\"225\" srcset=\"https:\/\/armstrongyregion.com.ar\/diario\/wp-content\/uploads\/2015\/12\/1dic-300x225.jpg 300w, https:\/\/armstrongyregion.com.ar\/diario\/wp-content\/uploads\/2015\/12\/1dic.jpg 768w\" sizes=\"auto, (max-width: 300px) 100vw, 300px\" \/><\/a>El D\u00eda Internacional de la Acci\u00f3n contra el Sida se conmemora el 1 de diciembre de cada a\u00f1o, y se dedica a dar a conocer los avances contra la pandemia de VIH\/sida causada por la extensi\u00f3n de la infecci\u00f3n del VIH.<\/p>\n<p>Se conmemor\u00f3 por primera vez el 1 de diciembre de 1988. Se eligi\u00f3 la fecha del 1 de diciembre por cuestiones de impacto medi\u00e1tico. Desde entonces, el sida ha matado a m\u00e1s de 25 millones de personas en todo el planeta, lo que la hace una de las epidemias m\u00e1s destructivas registradas en la Historia. A pesar de que existe un mayor acceso y se ha mejorado el tratamiento antirretroviral y el cuidado m\u00e9dico en muchas regiones del mundo, la epidemia de sida cost\u00f3 aproximadamente 3,1 millones (entre 2,8 y 3,6 millones) de vidas solo en el a\u00f1o 2005, de las cuales 0,57 millones eran ni\u00f1os.<\/p>\n<p>En la Cumbre Mundial de Ministros de Salud de 1988, dentro de los programas para la prevenci\u00f3n del sida, se declar\u00f3 a 1988 como el \u00abA\u00f1o de la Comunicaci\u00f3n y la Cooperaci\u00f3n sobre el Sida\u00bb. La Organizaci\u00f3n Mundial de la Salud (OMS) propuso que el 1 de diciembre se declarase D\u00eda Mundial del Sida. La propuesta tuvo el apoyo de la Asamblea Mundial de la Salud y de la Asamblea General de las Naciones Unidas. Desde entonces han seguido la iniciativa gobiernos, organizaciones internacionales y caridades de todo el planeta.<\/p>\n<p>Desde 1988 hasta 2004, ONUSIDA organizaba el D\u00eda Internacional de la Lucha contra el Sida. Escog\u00eda un tema para cada a\u00f1o, despu\u00e9s de consultarlo con otras organizaciones. En 2005 la ONUSIDA entreg\u00f3 la responsabilidad de la conmemoraci\u00f3n de este d\u00eda a la organizaci\u00f3n independiente WAC (World Aids Campaign: Campa\u00f1a Mundial contra el Sida). Para el 2005 eligieron como tema de su campa\u00f1a: \u00abParen al sida: cumplan la promesa\u00bb (Stop Aids: Keep the Promise), que estar\u00eda vigente hasta el 2010. Este tema no solo es espec\u00edfico para el D\u00eda Mundial de Lucha contra el Sida, sino tambi\u00e9n para las labores de la WAC durante todo el a\u00f1o.<\/p>\n","protected":false},"excerpt":{"rendered":"<p>El D\u00eda Internacional de la Acci\u00f3n contra el Sida se conmemora el 1 de diciembre de cada a\u00f1o, y se dedica a dar a conocer los avances contra la pandemia de VIH\/sida causada por la extensi\u00f3n de la infecci\u00f3n del VIH. Se conmemor\u00f3 por primera vez el 1 de diciembre de 1988. Se eligi\u00f3 la <a href=\"https:\/\/armstrongyregion.com.ar\/diario\/dia-mundial-de-la-lucha-contra-el-sida\/\" title=\"Read more\" >&#8230;<\/a><\/p>\n","protected":false},"author":2,"featured_media":5276,"comment_status":"open","ping_status":"open","sticky":false,"template":"","format":"standard","meta":{"_jetpack_memberships_contains_paid_content":false,"footnotes":"","jetpack_publicize_message":"","jetpack_publicize_feature_enabled":true,"jetpack_social_post_already_shared":false,"jetpack_social_options":{"image_generator_settings":{"template":"highway","default_image_id":0,"enabled":false},"version":2}},"categories":[1,2819,2,4],"tags":[1161,19,793,16,31,1888,1890,3234],"class_list":["post-5275","post","type-post","status-publish","format-standard","has-post-thumbnail","hentry","category-diario-armstrong","category-el-pais","category-locales","category-prevencion-salud","tag-contra","tag-de","tag-dia","tag-el","tag-la","tag-lucha","tag-mundial","tag-sida"],"jetpack_publicize_connections":[],"jetpack_featured_media_url":"https:\/\/armstrongyregion.com.ar\/diario\/wp-content\/uploads\/2015\/12\/1dic.jpg","jetpack_shortlink":"https:\/\/wp.me\/p62QDO-1n5","jetpack_sharing_enabled":true,"amp_enabled":true,"_links":{"self":[{"href":"https:\/\/armstrongyregion.com.ar\/diario\/wp-json\/wp\/v2\/posts\/5275","targetHints":{"allow":["GET"]}}],"collection":[{"href":"https:\/\/armstrongyregion.com.ar\/diario\/wp-json\/wp\/v2\/posts"}],"about":[{"href":"https:\/\/armstrongyregion.com.ar\/diario\/wp-json\/wp\/v2\/types\/post"}],"author":[{"embeddable":true,"href":"https:\/\/armstrongyregion.com.ar\/diario\/wp-json\/wp\/v2\/users\/2"}],"replies":[{"embeddable":true,"href":"https:\/\/armstrongyregion.com.ar\/diario\/wp-json\/wp\/v2\/comments?post=5275"}],"version-history":[{"count":0,"href":"https:\/\/armstrongyregion.com.ar\/diario\/wp-json\/wp\/v2\/posts\/5275\/revisions"}],"wp:featuredmedia":[{"embeddable":true,"href":"https:\/\/armstrongyregion.com.ar\/diario\/wp-json\/wp\/v2\/media\/5276"}],"wp:attachment":[{"href":"https:\/\/armstrongyregion.com.ar\/diario\/wp-json\/wp\/v2\/media?parent=5275"}],"wp:term":[{"taxonomy":"category","embeddable":true,"href":"https:\/\/armstrongyregion.com.ar\/diario\/wp-json\/wp\/v2\/categories?post=5275"},{"taxonomy":"post_tag","embeddable":true,"href":"https:\/\/armstrongyregion.com.ar\/diario\/wp-json\/wp\/v2\/tags?post=5275"}],"curies":[{"name":"wp","href":"https:\/\/api.w.org\/{rel}","templated":true}]}}